{"id":17203,"date":"2018-03-21T12:40:01","date_gmt":"2018-03-21T11:40:01","guid":{"rendered":"http:\/\/www.messinaoggi.it\/website\/?p=17203"},"modified":"2018-03-21T12:40:01","modified_gmt":"2018-03-21T11:40:01","slug":"palo-crollato-a-camaro-de-cola-esiste-un-problema-sicurezza-presto-un-importante-bando","status":"publish","type":"post","link":"https:\/\/www.messinaoggi.it\/website\/2018\/03\/21\/palo-crollato-a-camaro-de-cola-esiste-un-problema-sicurezza-presto-un-importante-bando\/","title":{"rendered":"Palo crollato a Camaro, De Cola: &quot;Esiste un problema sicurezza, presto un importante bando&quot;"},"content":{"rendered":"<p style=\"text-align: justify;\">Il palo crollato ieri pomeriggio a Camaro Superiore, nei pressi della scuola \u201c<em>Giorgio La Pira\u201d<\/em> ha aperto un forte dibattito sulla sicurezza in citt\u00e0. Solo una causalit\u00e0 ha fatto s\u00ec che oggi non ci dovessimo interrogare sul perch\u00e8 di una tragedia, ma dopo aver tirato un forte sospiro di sollievo delle domande vanno comunque poste.<div id=\"div-gpt-ad-Messinaoggi.it-DSK-300x250-corpoart\" style=\"text-align:center;margin:0 auto;\"><\/div><\/p>\n<p style=\"text-align: justify;\">La situazione \u00e8 e resta complicata, gli interventi di manutenzione vengono fatti ma allo stato attuale non sembrano rappresentare la soluzione definitiva al problema.<div id=\"videoincontent\" style=\"clear:both\";><\/div><\/p>\n<p style=\"text-align: justify;\"><img loading=\"lazy\" class=\"alignnone size-medium wp-image-17149\" src=\"http:\/\/www.messinaoggi.it\/website\/wp-content\/uploads\/2018\/03\/palo-luce-caduto-in-strada-Camaro-messinaoggiMR-300x190.jpg\" alt=\"\" width=\"300\" height=\"190\" \/><\/p>\n<p style=\"text-align: justify;\">L\u2019assessore ai Lavori Pubblici, Sergio De Cola, spiega: \u201c<em>Tutti i pali vengono sottoposti ad un monitoraggio, non appena si vede che il punto luce \u00e8 arrugginito o pericolante si procede con la sostituzione. Sinceramente non so spiegarmi i motivi di quanto accaduto ieri pomeriggio, probabilmente sar\u00e0 sfuggito al procedimento di controllo\u201d.<\/em><\/p>\n<p style=\"text-align: justify;\">De Cola per\u00f2 non si nasconde dietro a un dito: \u201c<em>Il problema sicurezza esiste \u2013 ha dichiarato \u2013 in citt\u00e0 ci sono 28mila punti luce che sono un numero considerevole, i fondi a disposizione non sono sufficienti per intervenire adeguatamente, siamo riusciti a sopperire a questo problema utilizzando i fondi Pon-Metro. E\u2019 in fase d pubblicazione un bando importante per la manutenzione di tutti gli impianti di pubblica illuminazione. Da oggi per i prossimi sei anni avremo a disposizione 36 milioni di euro l\u2019anno per fornitura, efficientamento energetico e manutenzione di tutti i punti luce cittadini\u201d. <\/em><\/p>\n","protected":false},"excerpt":{"rendered":"<p>Il palo crollato ieri pomeriggio a Camaro Superiore, nei pressi della scuola \u201cGiorgio La Pira\u201d ha aperto un forte dibattito sulla sicurezza in citt\u00e0. Solo una causalit\u00e0 ha fatto s\u00ec che oggi non ci dovessimo interrogare sul perch\u00e8 di una tragedia, ma dopo aver tirato un forte sospiro di sollievo delle domande vanno comunque poste. [&hellip;]<\/p>\n","protected":false},"author":14,"featured_media":2272,"comment_status":"closed","ping_status":"open","sticky":false,"template":"","format":"standard","meta":{"ub_ctt_via":"","_mi_skip_tracking":false},"categories":[6],"tags":[],"featured_image_src":"https:\/\/www.messinaoggi.it\/website\/wp-content\/uploads\/2017\/06\/sergio-de-cola-1-messinaoggi-2.jpg","author_info":{"display_name":"Antonio Macauda","author_link":"https:\/\/www.messinaoggi.it\/website\/author\/a-macauda\/"},"digistream_id":0,"digistream":false,"_links":{"self":[{"href":"https:\/\/www.messinaoggi.it\/website\/wp-json\/wp\/v2\/posts\/17203"}],"collection":[{"href":"https:\/\/www.messinaoggi.it\/website\/wp-json\/wp\/v2\/posts"}],"about":[{"href":"https:\/\/www.messinaoggi.it\/website\/wp-json\/wp\/v2\/types\/post"}],"author":[{"embeddable":true,"href":"https:\/\/www.messinaoggi.it\/website\/wp-json\/wp\/v2\/users\/14"}],"replies":[{"embeddable":true,"href":"https:\/\/www.messinaoggi.it\/website\/wp-json\/wp\/v2\/comments?post=17203"}],"version-history":[{"count":0,"href":"https:\/\/www.messinaoggi.it\/website\/wp-json\/wp\/v2\/posts\/17203\/revisions"}],"wp:featuredmedia":[{"embeddable":true,"href":"https:\/\/www.messinaoggi.it\/website\/wp-json\/wp\/v2\/media\/2272"}],"wp:attachment":[{"href":"https:\/\/www.messinaoggi.it\/website\/wp-json\/wp\/v2\/media?parent=17203"}],"wp:term":[{"taxonomy":"category","embeddable":true,"href":"https:\/\/www.messinaoggi.it\/website\/wp-json\/wp\/v2\/categories?post=17203"},{"taxonomy":"post_tag","embeddable":true,"href":"https:\/\/www.messinaoggi.it\/website\/wp-json\/wp\/v2\/tags?post=17203"}],"curies":[{"name":"wp","href":"https:\/\/api.w.org\/{rel}","templated":true}]}}