{"id":17195,"date":"2018-03-21T12:13:23","date_gmt":"2018-03-21T11:13:23","guid":{"rendered":"http:\/\/www.messinaoggi.it\/website\/?p=17195"},"modified":"2018-03-21T12:13:23","modified_gmt":"2018-03-21T11:13:23","slug":"fondo-de-pasquale-sommerso-da-una-fogna-a-cielo-aperto-video","status":"publish","type":"post","link":"https:\/\/www.messinaoggi.it\/website\/2018\/03\/21\/fondo-de-pasquale-sommerso-da-una-fogna-a-cielo-aperto-video\/","title":{"rendered":"Fondo De Pasquale sommerso da una fogna a cielo aperto. VIDEO"},"content":{"rendered":"<p lang=\"it-IT\"><span style=\"font-family: Arial, sans-serif\">Siamo alle solite. I residenti di Fondo De Pasquale si ritrovano nuovamente circondati da una fogna a cielo aperto, con tutte le conseguenze negative del caso: odore nauseante e rischi per la salute pubblica. <\/span><div id=\"div-gpt-ad-Messinaoggi.it-DSK-300x250-corpoart\" style=\"text-align:center;margin:0 auto;\"><\/div><\/p>\n<p lang=\"it-IT\"><span style=\"font-family: Arial, sans-serif\">A porre nuovamente sotto la luce dei riflettori tale vicenda sono stati il Vice presidente vicario della V Circoscrizione Franco Laimo ed il collega consigliere Marcello Cannistraci, i quali hanno dichiarato: &#8220;Da diversi giorni \u00e8 nuovamente letteralmente scoppiata la fogna che inonda ed invade la zona; nonostante i vari interventi tampone non si riesce ad avviare un piano risolutivo. \u00c8 ora che Amministrazione Comunale, IACP e Regione discutano sul futuro di Fondo De Pasquale ormai da troppo tempo abbandonato a se stesso&#8221;.<\/span><div id=\"videoincontent\" style=\"clear:both\";><\/div><\/p>\n<p lang=\"it-IT\"><span style=\"font-family: Arial, sans-serif\">&#8220;Nessuna opera durante questi ultimi cinque anni \u00e8 stata compiuta fattivamente, &#8211; proseguono i due consiglieri &#8211; n\u00e9 il Parco Urbano come inizialmente l&#8217;amministrazione Accorinti acclamava, n\u00e9 la realizzazione di nuovi alloggi, strada quest&#8217;ultima sostenuta dall&#8217;intero consiglio della della V Circoscrizione. Non \u00e8 possibile andare avanti con interventi tampone senza un reale programma risolutivo&#8221;.<\/span><\/p>\n<p lang=\"it-IT\"><span style=\"font-family: Arial, sans-serif\"><strong>&#8220;\u00c8 una puzza orribile&#8221;.<\/strong> \u00c8 quanto si sente in un video ripreso da uno dei residenti, che ha prontamente allertato i consiglieri circoscrizionali.<\/span><\/p>\n<div style=\"width: 640px;\" class=\"wp-video\"><!--[if lt IE 9]><script>document.createElement('video');<\/script><![endif]-->\n<video class=\"wp-video-shortcode\" id=\"video-17195-1\" width=\"640\" height=\"352\" preload=\"metadata\" controls=\"controls\"><source type=\"video\/mp4\" src=\"http:\/\/www.messinaoggi.it\/website\/wp-content\/uploads\/2018\/03\/fogna-fondo-de-pasquale.mp4?_=1\" \/><a href=\"http:\/\/www.messinaoggi.it\/website\/wp-content\/uploads\/2018\/03\/fogna-fondo-de-pasquale.mp4\">http:\/\/www.messinaoggi.it\/website\/wp-content\/uploads\/2018\/03\/fogna-fondo-de-pasquale.mp4<\/a><\/video><\/div>\n<p lang=\"it-IT\">\n","protected":false},"excerpt":{"rendered":"<p>Siamo alle solite. I residenti di Fondo De Pasquale si ritrovano nuovamente circondati da una fogna a cielo aperto, con tutte le conseguenze negative del caso: odore nauseante e rischi per la salute pubblica. A porre nuovamente sotto la luce dei riflettori tale vicenda sono stati il Vice presidente vicario della V Circoscrizione Franco Laimo [&hellip;]<\/p>\n","protected":false},"author":8,"featured_media":17196,"comment_status":"closed","ping_status":"open","sticky":false,"template":"","format":"standard","meta":{"ub_ctt_via":"","_mi_skip_tracking":false},"categories":[5],"tags":[],"featured_image_src":"https:\/\/www.messinaoggi.it\/website\/wp-content\/uploads\/2018\/03\/fondo-de-pasquale-2-1.jpg","author_info":{"display_name":"red..me","author_link":"https:\/\/www.messinaoggi.it\/website\/author\/redstage\/"},"digistream_id":0,"digistream":false,"_links":{"self":[{"href":"https:\/\/www.messinaoggi.it\/website\/wp-json\/wp\/v2\/posts\/17195"}],"collection":[{"href":"https:\/\/www.messinaoggi.it\/website\/wp-json\/wp\/v2\/posts"}],"about":[{"href":"https:\/\/www.messinaoggi.it\/website\/wp-json\/wp\/v2\/types\/post"}],"author":[{"embeddable":true,"href":"https:\/\/www.messinaoggi.it\/website\/wp-json\/wp\/v2\/users\/8"}],"replies":[{"embeddable":true,"href":"https:\/\/www.messinaoggi.it\/website\/wp-json\/wp\/v2\/comments?post=17195"}],"version-history":[{"count":0,"href":"https:\/\/www.messinaoggi.it\/website\/wp-json\/wp\/v2\/posts\/17195\/revisions"}],"wp:featuredmedia":[{"embeddable":true,"href":"https:\/\/www.messinaoggi.it\/website\/wp-json\/wp\/v2\/media\/17196"}],"wp:attachment":[{"href":"https:\/\/www.messinaoggi.it\/website\/wp-json\/wp\/v2\/media?parent=17195"}],"wp:term":[{"taxonomy":"category","embeddable":true,"href":"https:\/\/www.messinaoggi.it\/website\/wp-json\/wp\/v2\/categories?post=17195"},{"taxonomy":"post_tag","embeddable":true,"href":"https:\/\/www.messinaoggi.it\/website\/wp-json\/wp\/v2\/tags?post=17195"}],"curies":[{"name":"wp","href":"https:\/\/api.w.org\/{rel}","templated":true}]}}