{"id":17185,"date":"2018-03-21T10:32:37","date_gmt":"2018-03-21T09:32:37","guid":{"rendered":"http:\/\/www.messinaoggi.it\/website\/?p=17185"},"modified":"2018-03-21T10:32:37","modified_gmt":"2018-03-21T09:32:37","slug":"gestione-del-palazzo-dei-congressi-alleanza-jonica-si-propone","status":"publish","type":"post","link":"https:\/\/www.messinaoggi.it\/website\/2018\/03\/21\/gestione-del-palazzo-dei-congressi-alleanza-jonica-si-propone\/","title":{"rendered":"Gestione del Palazzo dei congressi: &quot;Alleanza Jonica&quot; si propone"},"content":{"rendered":"<p>&#8220;Alleanza Jonica&#8221;, movimento culturale e d&#8217;opinione coordinato da Antonio Raneri, punta l&#8217;indice sul futuro della gestione del Palazzo dei congressi. Un argomento che \u00e8 tra le priorit\u00e0 di un gruppo composto da esponenti di spicco della societ\u00e0 civile che vede come spinta propulsiva, Sergio Spadoni.<br \/>\n&#8220;Alleanza jonica &#8211; afferma Spadoni &#8211; si \u00e8 gi\u00e0 occupata delle problematiche taorminesi. Lo spunto ci viene dato, per\u00f2, da un recente incontro sul turismo, durante il quale, tra le poche iniziative emerse resta quella della proposta di gestione del Palazzo dei Congressi da parte degli albergatori. Siamo convinti che, comunque, per il futuro della struttura congressuale, possano esserci altre proposte.<br \/>\nRibadiamo\u00a0 &#8211; prosegue Spadoni &#8211; la nostra la proposta di creare una &#8220;Spa&#8221; per la gestione di tutti i servizi comunali. Il Comune rimanendo unico proprietario di tutte le strutture e i beni , con un Consiglio di Amministrazione \u00e8 delegato a gestire, il Palazzo dei Congressi, l\u2019ex Asm ( compresi i parcheggi e la funivia ), i servizi idrici, elettrici, le strade e i giardini.<br \/>\nCi sembra una grande novit\u00e0, una svolta per Taormina che il sindaco, Eligio Giardina, dovr\u00e0 considerare per programmare un futuro di nuove prospettive.Per affrontare tale tematica incontreremo in un incontro urgente il primo cittadino, per affrontare la questione relativa al Palazzo dei congressi.<br \/>\nVogliamo confrontarci, inoltre, su un programma di manifestazioni e spingiamo verso l\u2019apertura di uno sportello di promozione rivolto alle migliaia di turisti che giungono ogni anno a Taormina&#8221;.<br \/>\nSpadoni ha anche\u00a0 sottolineato il fatto che nuove realt\u00e0 come, ad esempio, la neonata Pro Loco non siano state coinvolte nel recente convegno relativo al comparto turistico, ma al contempo vuole fare chiarezza sul futuro di una struttura congressuale che pu\u00f2 rappresentare il traguardo prossimo del movimento turistico.<br \/>\nLa gradevolezza del complesso \u00e8 testimoniato da fatto che, immediatamente dopo le opere dell&#8217;aviazione, la struttura sta gi\u00e0 lavorando ed \u00e8 occupata, in questi giorni, perch\u00e9 un convegno di professionisti l&#8217;ha scelta come sua sede. Un dato che testimonia che la richiesta della struttura \u00e8 certamente importante in una citt\u00e0 che fa del turismo il punto forte della sua economia. Adesso si vedr\u00e0 cosa si vuole realizzare in una struttura &#8220;rinata dalle sue ceneri&#8221; come l&#8217;Araba Fenice. La questione relativa alla gestione della struttura congressuale resta tra i nodi da sciogliere, magari prima delle imminenti consultazioni amministrative.<br \/>\n<strong>Mauro Romano<\/strong><div id=\"div-gpt-ad-Messinaoggi.it-DSK-300x250-corpoart\" style=\"text-align:center;margin:0 auto;\"><\/div><\/p>\n<div id=\"videoincontent\" style=\"clear:both\";><\/div>","protected":false},"excerpt":{"rendered":"<p>&#8220;Alleanza Jonica&#8221;, movimento culturale e d&#8217;opinione coordinato da Antonio Raneri, punta l&#8217;indice sul futuro della gestione del Palazzo dei congressi. Un argomento che \u00e8 tra le priorit\u00e0 di un gruppo composto da esponenti di spicco della societ\u00e0 civile che vede come spinta propulsiva, Sergio Spadoni. &#8220;Alleanza jonica &#8211; afferma Spadoni &#8211; si \u00e8 gi\u00e0 occupata [&hellip;]<\/p>\n","protected":false},"author":2,"featured_media":3325,"comment_status":"closed","ping_status":"open","sticky":false,"template":"","format":"standard","meta":{"ub_ctt_via":"","_mi_skip_tracking":false},"categories":[3],"tags":[],"featured_image_src":"https:\/\/www.messinaoggi.it\/website\/wp-content\/uploads\/2017\/06\/Taormina-Palacongressi-2.jpg","author_info":{"display_name":"Redazione","author_link":"https:\/\/www.messinaoggi.it\/website\/author\/redazione\/"},"digistream_id":0,"digistream":false,"_links":{"self":[{"href":"https:\/\/www.messinaoggi.it\/website\/wp-json\/wp\/v2\/posts\/17185"}],"collection":[{"href":"https:\/\/www.messinaoggi.it\/website\/wp-json\/wp\/v2\/posts"}],"about":[{"href":"https:\/\/www.messinaoggi.it\/website\/wp-json\/wp\/v2\/types\/post"}],"author":[{"embeddable":true,"href":"https:\/\/www.messinaoggi.it\/website\/wp-json\/wp\/v2\/users\/2"}],"replies":[{"embeddable":true,"href":"https:\/\/www.messinaoggi.it\/website\/wp-json\/wp\/v2\/comments?post=17185"}],"version-history":[{"count":0,"href":"https:\/\/www.messinaoggi.it\/website\/wp-json\/wp\/v2\/posts\/17185\/revisions"}],"wp:featuredmedia":[{"embeddable":true,"href":"https:\/\/www.messinaoggi.it\/website\/wp-json\/wp\/v2\/media\/3325"}],"wp:attachment":[{"href":"https:\/\/www.messinaoggi.it\/website\/wp-json\/wp\/v2\/media?parent=17185"}],"wp:term":[{"taxonomy":"category","embeddable":true,"href":"https:\/\/www.messinaoggi.it\/website\/wp-json\/wp\/v2\/categories?post=17185"},{"taxonomy":"post_tag","embeddable":true,"href":"https:\/\/www.messinaoggi.it\/website\/wp-json\/wp\/v2\/tags?post=17185"}],"curies":[{"name":"wp","href":"https:\/\/api.w.org\/{rel}","templated":true}]}}