{"id":17175,"date":"2018-03-21T09:58:01","date_gmt":"2018-03-21T08:58:01","guid":{"rendered":"http:\/\/www.messinaoggi.it\/website\/?p=17175"},"modified":"2018-03-21T09:58:01","modified_gmt":"2018-03-21T08:58:01","slug":"uil-fpl-giovanna-bicchieri-delegata-provinciale-per-la-sanita","status":"publish","type":"post","link":"https:\/\/www.messinaoggi.it\/website\/2018\/03\/21\/uil-fpl-giovanna-bicchieri-delegata-provinciale-per-la-sanita\/","title":{"rendered":"Uil-Fpl, Giovanna Bicchieri delegata provinciale per la Sanit\u00e0"},"content":{"rendered":"<p class=\"p1\"><span class=\"s1\"><strong>Pippo Calapai<\/strong>, segretario generale della Uil-Fpl Messina, ha conferito la delega alla Sanit\u00e0 a <strong>Giovanna Bicchieri<\/strong>, componente della segreteria provinciale. La decisione \u00e8 giunta al termine del V congresso territoriale celebrato la scorsa settimana. La Uil-Fpl di Messina \u00e8 in assoluto il primo sindacato di categoria della Regione Sicilia potendo vantare il maggior numero di iscritti. <\/span><div id=\"div-gpt-ad-Messinaoggi.it-DSK-300x250-corpoart\" style=\"text-align:center;margin:0 auto;\"><\/div><\/p>\n<p class=\"p1\"><span class=\"s1\">\u201c<em>La delega\u2013 afferma Pippo Calapai \u2013 \u00e8 stata conferita a Giovanna Bicchieri al termine dello straordinario lavoro svolto in uno dei settori strategici qual \u00e8 appunto la Sanit\u00e0\u201d<\/em>.<\/span><div id=\"videoincontent\" style=\"clear:both\";><\/div><\/p>\n<p class=\"p1\"><span class=\"s1\">In occasione della prima riunione della segreteria provinciale, sar\u00e0 completato il \u201cquadro\u201d delle deleghe.\u00a0<\/span><span class=\"s1\">Giovanna Bicchieri, dipendente dell\u2019Asp Messina, da anni \u00e8 impegnata attivamente con la Uil-Fpl, ed ha condotto al fianco del segretario generale e dell\u2019intera segreteria importanti battaglie sindacali.<\/span><\/p>\n<p><strong>Nuovo commissario al Papardo<\/strong><br \/>\nIl governatore regionale<strong> Nello Musumeci<\/strong>, rimanendo in tema Sanit\u00e0, ha nominato il nuovo commissario straordinario al Papardo di Messina: si tratta di <strong>Paolo La Paglia<\/strong>, medico pediatra, gi\u00e0 responsabile del Distretto sanitario di Caltanissetta, e attuale segretario provinciale della Cisl medici di Caltanissetta, Agrigento ed Enna (rieletto a febbraio dello scorso anno).<\/p>\n","protected":false},"excerpt":{"rendered":"<p>Pippo Calapai, segretario generale della Uil-Fpl Messina, ha conferito la delega alla Sanit\u00e0 a Giovanna Bicchieri, componente della segreteria provinciale. La decisione \u00e8 giunta al termine del V congresso territoriale celebrato la scorsa settimana. La Uil-Fpl di Messina \u00e8 in assoluto il primo sindacato di categoria della Regione Sicilia potendo vantare il maggior numero di [&hellip;]<\/p>\n","protected":false},"author":2,"featured_media":17177,"comment_status":"closed","ping_status":"open","sticky":false,"template":"","format":"standard","meta":{"ub_ctt_via":"","_mi_skip_tracking":false},"categories":[6],"tags":[],"featured_image_src":"https:\/\/www.messinaoggi.it\/website\/wp-content\/uploads\/2018\/03\/Bicchieri-Calapai-1.jpg","author_info":{"display_name":"Redazione","author_link":"https:\/\/www.messinaoggi.it\/website\/author\/redazione\/"},"digistream_id":0,"digistream":false,"_links":{"self":[{"href":"https:\/\/www.messinaoggi.it\/website\/wp-json\/wp\/v2\/posts\/17175"}],"collection":[{"href":"https:\/\/www.messinaoggi.it\/website\/wp-json\/wp\/v2\/posts"}],"about":[{"href":"https:\/\/www.messinaoggi.it\/website\/wp-json\/wp\/v2\/types\/post"}],"author":[{"embeddable":true,"href":"https:\/\/www.messinaoggi.it\/website\/wp-json\/wp\/v2\/users\/2"}],"replies":[{"embeddable":true,"href":"https:\/\/www.messinaoggi.it\/website\/wp-json\/wp\/v2\/comments?post=17175"}],"version-history":[{"count":0,"href":"https:\/\/www.messinaoggi.it\/website\/wp-json\/wp\/v2\/posts\/17175\/revisions"}],"wp:featuredmedia":[{"embeddable":true,"href":"https:\/\/www.messinaoggi.it\/website\/wp-json\/wp\/v2\/media\/17177"}],"wp:attachment":[{"href":"https:\/\/www.messinaoggi.it\/website\/wp-json\/wp\/v2\/media?parent=17175"}],"wp:term":[{"taxonomy":"category","embeddable":true,"href":"https:\/\/www.messinaoggi.it\/website\/wp-json\/wp\/v2\/categories?post=17175"},{"taxonomy":"post_tag","embeddable":true,"href":"https:\/\/www.messinaoggi.it\/website\/wp-json\/wp\/v2\/tags?post=17175"}],"curies":[{"name":"wp","href":"https:\/\/api.w.org\/{rel}","templated":true}]}}