{"id":17174,"date":"2018-03-21T09:48:50","date_gmt":"2018-03-21T08:48:50","guid":{"rendered":"http:\/\/www.messinaoggi.it\/website\/?p=17174"},"modified":"2018-03-21T09:48:50","modified_gmt":"2018-03-21T08:48:50","slug":"nomisma-mercato-immobiliare-a-messina-ancora-in-sofferenza","status":"publish","type":"post","link":"https:\/\/www.messinaoggi.it\/website\/2018\/03\/21\/nomisma-mercato-immobiliare-a-messina-ancora-in-sofferenza\/","title":{"rendered":"Nomisma, mercato immobiliare a Messina ancora in sofferenza"},"content":{"rendered":"<p>Il mercato immobiliare a Messina non decolla. E&#8217; quanto emerge da uno studio di Nomisma.<div id=\"div-gpt-ad-Messinaoggi.it-DSK-300x250-corpoart\" style=\"text-align:center;margin:0 auto;\"><\/div><\/p>\n<p class=\"p1\"><span class=\"s1\"><i>\u201c<\/i><\/span><span class=\"s2\"><i>Permangono nel 2017 i segnali di fragilit\u00e0 del mercato residenziale messinese, riscontrabili non solo in una contrazione dei prezzi delle case pi\u00f9 intensa rispetto all\u2019anno precedente, ma anche di un rallentamento della dinamica delle compravendite a consuntivo 2017 e di un allungamento dei tempi di vendita. La dinamicit\u00e0 della domanda percepita dagli operatori (che ha influito sull\u2019incremento delle compravendite nella seconda parte dell\u2019anno) \u00e8 infatti ancora modesta e fortemente condizionata dall\u2019accesso al credito per poter determinare un cambiamento strutturale del mercato<\/i><\/span><span class=\"s1\"><i>\u201d <\/i>\u2013 \u00e8 quanto emerge dal 1\u00b0 Osservatorio sul Mercato Immobiliare 2018 di Nomisma.<\/span><div id=\"videoincontent\" style=\"clear:both\";><\/div><\/p>\n<p class=\"p2\"><span class=\"s2\">La debolezza del mercato residenziale si ripercuote in modo consistente sulla flessione dei prezzi delle case sia nuove che usate (rispettivamente di -2,4% e -3%), con una intensit\u00e0 maggiore rispetto ad un anno fa, perdendo dal 2008 ad oggi circa il 20% del proprio valore. A livello localizzativo, il calo dei prezzi riguarda sia il centro citt\u00e0 che la periferia.<\/span><\/p>\n<p class=\"p2\"><span class=\"s2\">La dinamicit\u00e0 della domanda percepita dagli operatori (che ha portato un incremento delle compravendite di +2% nel II semestre 2017 rispetto allo stesso periodo 2016) \u00e8 infatti ancora modesta per determinare un cambiamento strutturale del mercato, oltre ad essere fortemente condizionata dall\u2019accesso al credito.<\/span><\/p>\n<p class=\"p2\"><span class=\"s2\">Lo sconto concesso in fase di trattativa sul prezzo iniziale per le abitazioni usate si riduce lievemente, continuando per\u00f2 a mantenersi al di sopra della media delle 13 citt\u00e0 intermedie (17%); per le abitazioni nuove lo sconto medio \u00e8 dell\u201911%, invariato rispetto ad un anno fa.<\/span><\/p>\n<p class=\"p2\"><span class=\"s2\">Il segmento della locazione \u2013 che rappresenta pi\u00f9 del 50% della domanda abitativa di Messina \u2013 \u00e8 risultato nell\u2019ultimo anno pi\u00f9 stazionario, contando su una maggiore convergenza della domanda e dell\u2019offerta e rappresentando per oltre il 68% un fabbisogno legato alla prima casa. I tempi di affitto sono rimasti invariati (intorno a 3,5 mesi per l\u2019usato e 3,2 per il nuovo), mentre si \u00e8 accentuata la flessione dei canoni, in media intorno al -2%, con una maggiore intensit\u00e0 in periferia (-2,5%) rispetto al centro citt\u00e0 (-1,1%). I rendimenti potenziali lordi da locazione rimangono sostanzialmente invariati, intorno al 4,8%.<\/span><\/p>\n<p class=\"p2\"><span class=\"s2\">Per i prossimi mesi, gli operatori prevedono una situazione ancora piuttosto incerta, attendendosi una stabilit\u00e0 degli scambi e dei contratti di locazione ed un\u2019ulteriore flessione dei prezzi e dei canoni che, probabilmente, non hanno ancora raggiunto il loro punto minimo.<\/span><\/p>\n<p class=\"p2\"><span class=\"s2\">Un forte impulso al sistema provinciale potrebbe derivare dal programma di riqualificazione urbana e la sicurezza delle periferie.<\/span><\/p>\n","protected":false},"excerpt":{"rendered":"<p>Il mercato immobiliare a Messina non decolla. E&#8217; quanto emerge da uno studio di Nomisma. \u201cPermangono nel 2017 i segnali di fragilit\u00e0 del mercato residenziale messinese, riscontrabili non solo in una contrazione dei prezzi delle case pi\u00f9 intensa rispetto all\u2019anno precedente, ma anche di un rallentamento della dinamica delle compravendite a consuntivo 2017 e di [&hellip;]<\/p>\n","protected":false},"author":2,"featured_media":9893,"comment_status":"closed","ping_status":"open","sticky":false,"template":"","format":"standard","meta":{"ub_ctt_via":"","_mi_skip_tracking":false},"categories":[5],"tags":[],"featured_image_src":"https:\/\/www.messinaoggi.it\/website\/wp-content\/uploads\/2017\/10\/zona-falcata-real-cittadella-traghetti-norimberga-1-messinaoggiMR.jpg","author_info":{"display_name":"Redazione","author_link":"https:\/\/www.messinaoggi.it\/website\/author\/redazione\/"},"digistream_id":0,"digistream":false,"_links":{"self":[{"href":"https:\/\/www.messinaoggi.it\/website\/wp-json\/wp\/v2\/posts\/17174"}],"collection":[{"href":"https:\/\/www.messinaoggi.it\/website\/wp-json\/wp\/v2\/posts"}],"about":[{"href":"https:\/\/www.messinaoggi.it\/website\/wp-json\/wp\/v2\/types\/post"}],"author":[{"embeddable":true,"href":"https:\/\/www.messinaoggi.it\/website\/wp-json\/wp\/v2\/users\/2"}],"replies":[{"embeddable":true,"href":"https:\/\/www.messinaoggi.it\/website\/wp-json\/wp\/v2\/comments?post=17174"}],"version-history":[{"count":0,"href":"https:\/\/www.messinaoggi.it\/website\/wp-json\/wp\/v2\/posts\/17174\/revisions"}],"wp:featuredmedia":[{"embeddable":true,"href":"https:\/\/www.messinaoggi.it\/website\/wp-json\/wp\/v2\/media\/9893"}],"wp:attachment":[{"href":"https:\/\/www.messinaoggi.it\/website\/wp-json\/wp\/v2\/media?parent=17174"}],"wp:term":[{"taxonomy":"category","embeddable":true,"href":"https:\/\/www.messinaoggi.it\/website\/wp-json\/wp\/v2\/categories?post=17174"},{"taxonomy":"post_tag","embeddable":true,"href":"https:\/\/www.messinaoggi.it\/website\/wp-json\/wp\/v2\/tags?post=17174"}],"curies":[{"name":"wp","href":"https:\/\/api.w.org\/{rel}","templated":true}]}}