{"id":171692,"date":"2023-10-06T10:40:38","date_gmt":"2023-10-06T08:40:38","guid":{"rendered":"http:\/\/www.messinaoggi.it\/website\/?p=171692"},"modified":"2023-10-06T10:40:39","modified_gmt":"2023-10-06T08:40:39","slug":"autonomia-differenziata-anche-ludu-messina-a-roma-per-ribadire-il-suo-no","status":"publish","type":"post","link":"https:\/\/www.messinaoggi.it\/website\/2023\/10\/06\/autonomia-differenziata-anche-ludu-messina-a-roma-per-ribadire-il-suo-no\/","title":{"rendered":"Autonomia differenziata, anche l\u2019UDU Messina a Roma per ribadire il suo no"},"content":{"rendered":"\n<p>L&#8217;Unione degli Universitari (UDU) si oppone al progetto del governo nazionale sull&#8217;autonomia differenziata che, a detta del movimento studentesco, ha l&#8217;unico obiettivo di spaccare il paese, e lo fa partecipando a una manifestazione nazionale sul tema che si terr\u00e0 domani, sabato 7, a \u201cLa via Maestra\u201d di Roma. \u201cCome studenti dell&#8217;UDU abbiamo tagliato simbolicamente l&#8217;Italia in due, come vorrebbe fare questo governo\u201d, dichiara l\u2019UDU.<div id=\"div-gpt-ad-Messinaoggi.it-DSK-300x250-corpoart\" style=\"text-align:center;margin:0 auto;\"><\/div><\/p>\n\n\n\n<p>\u201cIl ministro Calderoli e la presidente Meloni &#8211; prosegue &#8211; mettono in pericolo la nostra istruzione, la ricerca, la sanit\u00e0, il lavoro, l&#8217;ambiente: queste sono solo alcune delle responsabilit\u00e0 che il governo vuole affidare ad una forma di competizione tra regioni. Mentre tutto ci\u00f2 viene portato avanti, il presidente della Sicilia Schifani subisce le direttive nazionali del suo partito, senza fare quello che chi rappresenta i cittadini dovrebbe fare: difendere i cittadini.<div id=\"videoincontent\" style=\"clear:both\";><\/div><\/p>\n\n\n\n<p>\u201cOggi gli studenti e le studentesse delle scuole sono in piazza con Fridays for Future contro la crisi che avanza e per costruire insieme una nuova Resistenza climatica. Domani saremo a Roma per difendere la nostra Costituzione e chiedere a gran voce scuole e universit\u00e0 pubbliche di qualit\u00e0 e sostenibili e una sanit\u00e0 di prossimit\u00e0 anche per una vera transizione ecologica.<\/p>\n\n\n\n<p>\u201cL&#8217;Italia \u00e8 una e indivisibile, diciamo no alla secessione dei ricchi! Se siamo veramente il futuro di questo paese, pretendiamo che si investa sulla nostra istruzione, abbiamo davanti un futuro precario in un pianeta precario. Noi vorremmo vivere qui, ma non possiamo permettercelo. Per questo aderiamo alla manifestazione nazionale del 7 ottobre anche da Messina, seguiamo insieme la via maestra della Costituzione\u201d.<\/p>\n","protected":false},"excerpt":{"rendered":"<p>L&#8217;Unione degli Universitari (UDU) si oppone al progetto del governo nazionale sull&#8217;autonomia differenziata che, a detta del movimento studentesco, ha l&#8217;unico obiettivo di spaccare il paese, e lo fa partecipando a una manifestazione nazionale sul tema che si terr\u00e0 domani, sabato 7, a \u201cLa via Maestra\u201d di Roma. \u201cCome studenti dell&#8217;UDU abbiamo tagliato simbolicamente l&#8217;Italia [&hellip;]<\/p>\n","protected":false},"author":8,"featured_media":171693,"comment_status":"open","ping_status":"open","sticky":false,"template":"","format":"standard","meta":{"ub_ctt_via":"","_mi_skip_tracking":false},"categories":[7],"tags":[5440,1751],"featured_image_src":"https:\/\/www.messinaoggi.it\/website\/wp-content\/uploads\/2023\/10\/italia-in-due.jpg","author_info":{"display_name":"red..me","author_link":"https:\/\/www.messinaoggi.it\/website\/author\/redstage\/"},"digistream_id":0,"digistream":false,"_links":{"self":[{"href":"https:\/\/www.messinaoggi.it\/website\/wp-json\/wp\/v2\/posts\/171692"}],"collection":[{"href":"https:\/\/www.messinaoggi.it\/website\/wp-json\/wp\/v2\/posts"}],"about":[{"href":"https:\/\/www.messinaoggi.it\/website\/wp-json\/wp\/v2\/types\/post"}],"author":[{"embeddable":true,"href":"https:\/\/www.messinaoggi.it\/website\/wp-json\/wp\/v2\/users\/8"}],"replies":[{"embeddable":true,"href":"https:\/\/www.messinaoggi.it\/website\/wp-json\/wp\/v2\/comments?post=171692"}],"version-history":[{"count":1,"href":"https:\/\/www.messinaoggi.it\/website\/wp-json\/wp\/v2\/posts\/171692\/revisions"}],"predecessor-version":[{"id":171694,"href":"https:\/\/www.messinaoggi.it\/website\/wp-json\/wp\/v2\/posts\/171692\/revisions\/171694"}],"wp:featuredmedia":[{"embeddable":true,"href":"https:\/\/www.messinaoggi.it\/website\/wp-json\/wp\/v2\/media\/171693"}],"wp:attachment":[{"href":"https:\/\/www.messinaoggi.it\/website\/wp-json\/wp\/v2\/media?parent=171692"}],"wp:term":[{"taxonomy":"category","embeddable":true,"href":"https:\/\/www.messinaoggi.it\/website\/wp-json\/wp\/v2\/categories?post=171692"},{"taxonomy":"post_tag","embeddable":true,"href":"https:\/\/www.messinaoggi.it\/website\/wp-json\/wp\/v2\/tags?post=171692"}],"curies":[{"name":"wp","href":"https:\/\/api.w.org\/{rel}","templated":true}]}}