{"id":17168,"date":"2018-03-21T07:15:43","date_gmt":"2018-03-21T06:15:43","guid":{"rendered":"http:\/\/www.messinaoggi.it\/website\/?p=17168"},"modified":"2018-03-21T07:15:43","modified_gmt":"2018-03-21T06:15:43","slug":"la-questione-economica-non-e-chiusa-fsi-usae-alza-il-tiro-della-protesta","status":"publish","type":"post","link":"https:\/\/www.messinaoggi.it\/website\/2018\/03\/21\/la-questione-economica-non-e-chiusa-fsi-usae-alza-il-tiro-della-protesta\/","title":{"rendered":"&quot;La questione economica non \u00e8 chiusa&quot;: Fsi-Usae alza il tiro della protesta"},"content":{"rendered":"<p align=\"justify\">Confermate le due ore di sciopero del personale del Servizio sanitario nazionale indetto per il 23 marzo dalla Fsi-Usae, Federazione\u00a0Sindacati Indipendenti organizzazione\u00a0costituente\u00a0della confederazione Usae,\u00a0(confederazione\u00a0dalla Fsi-Usae, Federazione\u00a0Sindacati Indipendenti organizzazione\u00a0costituente\u00a0della confederazione Usae,\u00a0(confederazione con oltre 400mila associati in Italia con 18 strutture regionali e oltre 75 territoriali) che annuncia anche una manifestazione nazionale a Roma in piazza Santi Apostoli nel giorno della prima riunione parlamentare della 18<sup>a<\/sup>\u00a0legislatura italiana.\u00a0Saranno presenti le delegazioni dalla Sicilia.<div id=\"div-gpt-ad-Messinaoggi.it-DSK-300x250-corpoart\" style=\"text-align:center;margin:0 auto;\"><\/div><\/p>\n<p align=\"justify\">A\u00a0seguito della sottoscrizione con riserva dell\u2019ipotesi di Ccnl di comparto, in cui sono state recepite solo una parte\u00a0delle sue istanze, la Fsi-Usae\u00a0\u00a0ha inteso confermare\u00a0lo\u00a0sciopero\u00a0di\u00a02 ore che sar\u00e0 attuato all\u2019inizio di ogni turno, indetto il\u00a024 gennaio 2018 con Prot. n. AB.SG.0125.01\/18\/ba.<div id=\"videoincontent\" style=\"clear:both\";><\/div><\/p>\n<p align=\"justify\">La trattativa ha evidenziato che nel comparto del Servizio sanitario nazionale ci sono una serie di criticit\u00e0 nella costruzione delle dinamiche economiche che\u00a0\u2013\u00a0fa sintesi il segretario regionale Calogero Coniglio riprendendo le parole del Segretario generale Adamo Bonazzi\u00a0\u2013\u00a0necessitano di una ferma presa di posizione da parte dei lavoratori.<\/p>\n<p align=\"justify\">Fsi-Usae ha sempre tenuto la barra a dritta sui diritti dei lavoratori, ha portato avanti sin dal 2010 una battaglia sul tema della rivalutazione degli stipendi con pi\u00f9 scioperi sia contro i tagli operati con la spending review che contro lo scellerato accordo del 30.11.2016 intervenuto fra la Ministra Madia e Cgil, Cisl, Uil e successivamente dalla Confsal.<\/p>\n<p align=\"justify\">Noi ci siamo sempre schierati contro le manovre finanziarie che hanno solo sfiorato i signori della politica ma hanno pesantemente intaccato gli stipendi dei lavoratori pubblici\u00a0\u2013\u00a0sottolinea ancora il segretario\u00a0\u2013\u00a0e non abbiamo firmato l\u2019accordo che ha vincolato le risorse economiche poi messe a disposizione da Governo e Parlamento per gli aumenti contrattuali (85 euro medi pro capite), una cifra certamente insufficiente a garantire stipendi adeguati.<\/p>\n<p align=\"justify\">Riteniamo questa pre-intesa\u00a0 come quella di un contratto ponte, un contratto che giuridicamente durer\u00e0 solo pochi mesi.\u00a0La questione economica e professionale non pu\u00f2 quindi considerarsi chiusa e lo sciopero ci sta tutto!\u201d.<\/p>\n<p align=\"justify\">Sono chiari e gi\u00e0 pi\u00f9 volte esplicitati gli obiettivi della Federazione che nella trattativa ha rivendicato le stabilizzazioni, lo sblocco del turn-over e l\u2019azzeramento delle esternalizzazioni, delle consulenze e degli appalti di servizi perseguendo altres\u00ec il miglioramento della qualit\u00e0 della vita nei luoghi di lavoro e la garanzia del giusto riposo dei lavoratori, ponendo altres\u00ec l\u2019accento sulle questioni professionali. Nel ricordare che la rivendicazione si inserisce in un percorso pi\u00f9 che ventennale in cui la Federazione \u00e8\u00a0 stata impegnata con le battaglie che hanno portato al riconoscimento dei profili professionali e alla L. 42\/99,\u00a0 al superamento del d.p.r. 761 con la conseguente possibilit\u00e0 di carriera per il personale del SSN, l\u2019accesso delle professioni alla dirigenza, la formazione professionale a carico delle aziende e l\u2019istituzione degli ordini professionali, prosegue il segretario:\u00a0\u201cIn buona sostanza, il riconoscimento della dignit\u00e0 e del ruolo per le professioni sanitarie \u2013 cio\u00e8 degli operatori che ormai sono tutti laureati, altamente specializzati, con specifiche competenze esclusive e responsabilit\u00e0 enormi \u2013 \u00e8 indifferibile.<\/p>\n<p align=\"justify\">Riteniamo necessario prendere subito atto delle evoluzioni normative delle medesime professioni per garantire adeguati sviluppi di carriera e la definizione di un\u2019area quadri per queste professioni. Questo contratto dura pochi mesi e li utilizzeremo tutti per la riclassificazione come \u00e8 gi\u00e0 avvenuto fra il 99 ed il 2001.<\/p>\n<p align=\"justify\">La commissione messa in piedi con questo contratto \u00e8 un primo significativo passo, ma per ridefinire le competenze professionali e i relativi inquadramenti e darvi concretezza sono necessarie delle risorse straordinarie che al momento non ci sono e che noi rivendichiamo con forza\u201d.<\/p>\n","protected":false},"excerpt":{"rendered":"<p>Confermate le due ore di sciopero del personale del Servizio sanitario nazionale indetto per il 23 marzo dalla Fsi-Usae, Federazione\u00a0Sindacati Indipendenti organizzazione\u00a0costituente\u00a0della confederazione Usae,\u00a0(confederazione\u00a0dalla Fsi-Usae, Federazione\u00a0Sindacati Indipendenti organizzazione\u00a0costituente\u00a0della confederazione Usae,\u00a0(confederazione con oltre 400mila associati in Italia con 18 strutture regionali e oltre 75 territoriali) che annuncia anche una manifestazione nazionale a Roma in piazza Santi [&hellip;]<\/p>\n","protected":false},"author":2,"featured_media":17169,"comment_status":"closed","ping_status":"open","sticky":false,"template":"","format":"standard","meta":{"ub_ctt_via":"","_mi_skip_tracking":false},"categories":[11],"tags":[],"featured_image_src":"https:\/\/www.messinaoggi.it\/website\/wp-content\/uploads\/2018\/03\/IMG-20180320-WA0027-1-1.jpg","author_info":{"display_name":"Redazione","author_link":"https:\/\/www.messinaoggi.it\/website\/author\/redazione\/"},"digistream_id":0,"digistream":false,"_links":{"self":[{"href":"https:\/\/www.messinaoggi.it\/website\/wp-json\/wp\/v2\/posts\/17168"}],"collection":[{"href":"https:\/\/www.messinaoggi.it\/website\/wp-json\/wp\/v2\/posts"}],"about":[{"href":"https:\/\/www.messinaoggi.it\/website\/wp-json\/wp\/v2\/types\/post"}],"author":[{"embeddable":true,"href":"https:\/\/www.messinaoggi.it\/website\/wp-json\/wp\/v2\/users\/2"}],"replies":[{"embeddable":true,"href":"https:\/\/www.messinaoggi.it\/website\/wp-json\/wp\/v2\/comments?post=17168"}],"version-history":[{"count":0,"href":"https:\/\/www.messinaoggi.it\/website\/wp-json\/wp\/v2\/posts\/17168\/revisions"}],"wp:featuredmedia":[{"embeddable":true,"href":"https:\/\/www.messinaoggi.it\/website\/wp-json\/wp\/v2\/media\/17169"}],"wp:attachment":[{"href":"https:\/\/www.messinaoggi.it\/website\/wp-json\/wp\/v2\/media?parent=17168"}],"wp:term":[{"taxonomy":"category","embeddable":true,"href":"https:\/\/www.messinaoggi.it\/website\/wp-json\/wp\/v2\/categories?post=17168"},{"taxonomy":"post_tag","embeddable":true,"href":"https:\/\/www.messinaoggi.it\/website\/wp-json\/wp\/v2\/tags?post=17168"}],"curies":[{"name":"wp","href":"https:\/\/api.w.org\/{rel}","templated":true}]}}