{"id":171667,"date":"2023-10-06T09:15:13","date_gmt":"2023-10-06T07:15:13","guid":{"rendered":"http:\/\/www.messinaoggi.it\/website\/?p=171667"},"modified":"2023-10-06T09:15:18","modified_gmt":"2023-10-06T07:15:18","slug":"la-sindrome-rancorosa-del-beneficato-di-pericle","status":"publish","type":"post","link":"https:\/\/www.messinaoggi.it\/website\/2023\/10\/06\/la-sindrome-rancorosa-del-beneficato-di-pericle\/","title":{"rendered":"La sindrome rancorosa del beneficato. Di Pericle"},"content":{"rendered":"\n<p>La riconoscenza \u00e8 solo la speranza di piaceri futuri &#8211; diceva <strong>Giulio Andreotti<\/strong> &#8211; . Sicuramente la Senatrice Avv. <strong>Dafne Musolino <\/strong>\u00e8 un illustre apostolo di questo credo ideologico, come \u00e8 divulgatrice di un altro aforisma: la gratitudine \u00e8 sentimento del giorno prima. Peccato che il vulcanico Ges\u00f9 dello Stretto (On. <strong>Cateno De Luca<\/strong>) non se ne sia mai accorto. <div id=\"div-gpt-ad-Messinaoggi.it-DSK-300x250-corpoart\" style=\"text-align:center;margin:0 auto;\"><\/div><\/p>\n\n\n\n<p>Il Sindaco di Taormina \u00e8 un personaggio sveglio, intuitivo, a volte sopra le righe ma sicuramente capace. Egli sconosce per\u00f2 la sindrome rancorosa del beneficato. Di seguito il tentativo di spiegare la malattia.L\u2019ingratitudine \u00e8 il risultato della perdita volontaria di memoria e di prospettiva etica profonda, \u00e8 la cancellazione del ruolo che altri hanno avuto nella nostra storia, il rifiuto di ricambiare il dono ricevuto, non per pareggiare un conto o saldare un debito, ma per moltiplicare un bene. <div id=\"videoincontent\" style=\"clear:both\";><\/div><\/p>\n\n\n\n<p>E quanto di pi\u00f9 la gratitudine manca come comportamento collettivo, tanto pi\u00f9 si assiste ad una sistematica diseducazione civile. Il beneficato \u00e8 privo della capacit\u00e0 di dire -grazie- al benefattore. L\u2019ingrato-traditore mette in un angolo il benefattore per un senso di inferiorit\u00e0. In realt\u00e0 il beneficato sviluppa un complesso che si manifesta attraverso una ipotetica e falsa indipendenza e attraverso il convincimento che lui non deve nulla a nessuno. Scrive Maria <strong>Rita Parsi<\/strong> che quando ci\u00f2 avviene: \u201c<em>E&#8217; il momento in cui la sindrome rancorosa del beneficato prende possesso dell\u2019ingrato divenendo malattia<\/em>\u201d.<\/p>\n\n\n\n<p>L\u2019inferiorit\u00e0 si tramuta in narcisismo. Il gallo cedrone ne d\u00e0 raffigurazione esemplare: \u201c<em>Durante il periodo dell\u2019accoppiamento, il gallo cedrone maschio, esegue una danza detta parata. Con la coda a ventaglio, il capo all\u2019indietro canta meravigliosamente prima che sorga il sole per attirare le femmine. Durante l\u2019ultima fase del canto non sente e non vede e diventa una facile preda<\/em>\u201d (<strong>Rigoni Stern<\/strong>). <\/p>\n\n\n\n<p>Chi scrive si augura che la senatrice messinese non sia preda di quella volpe di <strong>Renzi<\/strong>.Ma \u00e8 proprio vero, purtroppo, che la storia non ha insegnato nulla all\u2019On. <strong>Cateno De Luca<\/strong>: si doveva ricordare che a Caligola non port\u00f2 bene avere nominato il suo cavallo Incitatus \u201csenatore\u201d.<\/p>\n\n\n\n<p><strong>Pericle<\/strong><\/p>\n","protected":false},"excerpt":{"rendered":"<p>La riconoscenza \u00e8 solo la speranza di piaceri futuri &#8211; diceva Giulio Andreotti &#8211; . Sicuramente la Senatrice Avv. Dafne Musolino \u00e8 un illustre apostolo di questo credo ideologico, come \u00e8 divulgatrice di un altro aforisma: la gratitudine \u00e8 sentimento del giorno prima. Peccato che il vulcanico Ges\u00f9 dello Stretto (On. Cateno De Luca) non [&hellip;]<\/p>\n","protected":false},"author":2,"featured_media":21448,"comment_status":"open","ping_status":"open","sticky":false,"template":"","format":"standard","meta":{"ub_ctt_via":"","_mi_skip_tracking":false},"categories":[19],"tags":[126,167,7083,889,8813],"featured_image_src":"https:\/\/www.messinaoggi.it\/website\/wp-content\/uploads\/2018\/07\/Musolino-Dafne-assessore-Ambiente-messinaoggiMarcyRuggi-1.jpg","author_info":{"display_name":"Redazione","author_link":"https:\/\/www.messinaoggi.it\/website\/author\/redazione\/"},"digistream_id":0,"digistream":false,"_links":{"self":[{"href":"https:\/\/www.messinaoggi.it\/website\/wp-json\/wp\/v2\/posts\/171667"}],"collection":[{"href":"https:\/\/www.messinaoggi.it\/website\/wp-json\/wp\/v2\/posts"}],"about":[{"href":"https:\/\/www.messinaoggi.it\/website\/wp-json\/wp\/v2\/types\/post"}],"author":[{"embeddable":true,"href":"https:\/\/www.messinaoggi.it\/website\/wp-json\/wp\/v2\/users\/2"}],"replies":[{"embeddable":true,"href":"https:\/\/www.messinaoggi.it\/website\/wp-json\/wp\/v2\/comments?post=171667"}],"version-history":[{"count":1,"href":"https:\/\/www.messinaoggi.it\/website\/wp-json\/wp\/v2\/posts\/171667\/revisions"}],"predecessor-version":[{"id":171668,"href":"https:\/\/www.messinaoggi.it\/website\/wp-json\/wp\/v2\/posts\/171667\/revisions\/171668"}],"wp:featuredmedia":[{"embeddable":true,"href":"https:\/\/www.messinaoggi.it\/website\/wp-json\/wp\/v2\/media\/21448"}],"wp:attachment":[{"href":"https:\/\/www.messinaoggi.it\/website\/wp-json\/wp\/v2\/media?parent=171667"}],"wp:term":[{"taxonomy":"category","embeddable":true,"href":"https:\/\/www.messinaoggi.it\/website\/wp-json\/wp\/v2\/categories?post=171667"},{"taxonomy":"post_tag","embeddable":true,"href":"https:\/\/www.messinaoggi.it\/website\/wp-json\/wp\/v2\/tags?post=171667"}],"curies":[{"name":"wp","href":"https:\/\/api.w.org\/{rel}","templated":true}]}}