{"id":171547,"date":"2023-10-05T11:08:40","date_gmt":"2023-10-05T09:08:40","guid":{"rendered":"https:\/\/www.messinaoggi.it\/website\/2023\/10\/05\/ucraina-crosetto-con-tajani-piena-e-ottima-sinergia\/"},"modified":"2023-10-05T11:08:40","modified_gmt":"2023-10-05T09:08:40","slug":"ucraina-crosetto-con-tajani-piena-e-ottima-sinergia","status":"publish","type":"post","link":"https:\/\/www.messinaoggi.it\/website\/2023\/10\/05\/ucraina-crosetto-con-tajani-piena-e-ottima-sinergia\/","title":{"rendered":"Ucraina, Crosetto \u201cCon Tajani piena e ottima sinergia\u201d"},"content":{"rendered":"<div>ROMA (ITALPRESS) &#8211; &#8220;Leggo oggi su alcuni quotidiani che ieri avrei preso le distanze o addirittura attaccato frontalmente il mio collega degli Esteri e vicepremier, Antonio Tajani. Tutto quello da me detto ieri, in relazione a un nuovo pacchetto di aiuti da parte dell&#8217;Italia all&#8217;Ucraina, \u00e8, per fortuna, registrato e quindi verificabile, oltre che pronunciato in pi\u00f9 d&#8217;uno consessi pubblici&#8221;. Lo afferma in una nota il ministro della Difesa Guido Crosetto.<br \/>&#8220;Quello che, in realt\u00e0, ho detto \u00e8 che il Ministro Tajani ha parlato della decisione politica in merito alla volont\u00e0 di fornire ulteriori aiuti all&#8217;Ucraina &#8211; prosegue -. Lo stesso Tajani ha precisato che, per\u00f2, poi \u00e8 la Difesa la parte &#8220;tecnica&#8221;, cio\u00e8 quella che deve individuare cosa dovrebbe o farebbe parte di questi aiuti. Quindi, ieri non ho fatto altro che ribadire le sue parole, e cio\u00e8 che i tecnici stanno verificando ci\u00f2 che possiamo dare e, con realistica obiettivit\u00e0, ho detto che, su alcuni rifornimenti, per gli ucraini molto importanti, siamo limitati dalla nostra necessit\u00e0 e volont\u00e0 di non scendere sotto una certa soglia di sicurezza interna&#8221;.<br \/>&#8220;Nulla di nuovo, nulla di strano, ma soprattutto nessuna polemica con l&#8217;amico e collega Tajani. Con lui abbiamo sempre lavorato in totale sinergia e con lui condividiamo sia le scelte sia la firma in merito ai vari decreti di aiuti all&#8217;Ucraina &#8211; sottolinea Crosetto -. Invece, la mia frase sui &#8220;tanti che parlano&#8221; era riferita, come \u00e8 molto facile capire per chi avesse avuto la pazienza di ascoltare per intero le mie interviste e le mie dichiarazioni, a chi invece scrive a caso, ipotizzando fornitore di specifici sistemi d&#8217;arma o di tipologie di forniture militari solo per riempire spazi negli articoli sui giornali o per fare malevole illazioni. Spiace iniziare una giornata di lavoro smentendo il tentativo di alcuni quotidiani di inventare spaccature su temi cos\u00ec importanti e delicati, ma \u00e8 necessario farlo&#8221;, conclude il ministro.<div id=\"div-gpt-ad-Messinaoggi.it-DSK-300x250-corpoart\" style=\"text-align:center;margin:0 auto;\"><\/div><\/p>\n<p>&#8211; Foto: Agenzia Fotogramma &#8211;<div id=\"videoincontent\" style=\"clear:both\";><\/div><\/p>\n<p>(ITALPRESS).<\/p><\/div>\n","protected":false},"excerpt":{"rendered":"<p>ROMA (ITALPRESS) &#8211; &#8220;Leggo oggi su alcuni quotidiani che ieri avrei preso le distanze o addirittura attaccato frontalmente il mio collega degli Esteri e vicepremier, Antonio Tajani. Tutto quello da me detto ieri, in relazione a un nuovo pacchetto di aiuti da parte dell&#8217;Italia all&#8217;Ucraina, \u00e8, per fortuna, registrato e quindi verificabile, oltre che pronunciato [&hellip;]<\/p>\n","protected":false},"author":18,"featured_media":171548,"comment_status":"closed","ping_status":"closed","sticky":false,"template":"","format":"standard","meta":{"ub_ctt_via":"","_mi_skip_tracking":false},"categories":[446],"tags":[783],"featured_image_src":"https:\/\/www.messinaoggi.it\/website\/wp-content\/uploads\/2023\/10\/20231005_0207.jpg","author_info":{"display_name":"Admin","author_link":"https:\/\/www.messinaoggi.it\/website\/author\/admin\/"},"digistream_id":0,"digistream":false,"_links":{"self":[{"href":"https:\/\/www.messinaoggi.it\/website\/wp-json\/wp\/v2\/posts\/171547"}],"collection":[{"href":"https:\/\/www.messinaoggi.it\/website\/wp-json\/wp\/v2\/posts"}],"about":[{"href":"https:\/\/www.messinaoggi.it\/website\/wp-json\/wp\/v2\/types\/post"}],"author":[{"embeddable":true,"href":"https:\/\/www.messinaoggi.it\/website\/wp-json\/wp\/v2\/users\/18"}],"replies":[{"embeddable":true,"href":"https:\/\/www.messinaoggi.it\/website\/wp-json\/wp\/v2\/comments?post=171547"}],"version-history":[{"count":0,"href":"https:\/\/www.messinaoggi.it\/website\/wp-json\/wp\/v2\/posts\/171547\/revisions"}],"wp:featuredmedia":[{"embeddable":true,"href":"https:\/\/www.messinaoggi.it\/website\/wp-json\/wp\/v2\/media\/171548"}],"wp:attachment":[{"href":"https:\/\/www.messinaoggi.it\/website\/wp-json\/wp\/v2\/media?parent=171547"}],"wp:term":[{"taxonomy":"category","embeddable":true,"href":"https:\/\/www.messinaoggi.it\/website\/wp-json\/wp\/v2\/categories?post=171547"},{"taxonomy":"post_tag","embeddable":true,"href":"https:\/\/www.messinaoggi.it\/website\/wp-json\/wp\/v2\/tags?post=171547"}],"curies":[{"name":"wp","href":"https:\/\/api.w.org\/{rel}","templated":true}]}}