{"id":171544,"date":"2023-10-05T11:27:22","date_gmt":"2023-10-05T09:27:22","guid":{"rendered":"http:\/\/www.messinaoggi.it\/website\/?p=171544"},"modified":"2023-10-05T12:56:55","modified_gmt":"2023-10-05T10:56:55","slug":"elezioni-rettore-limosani-la-mia-attenzione-rivolta-al-solo-futuro-e-ad-eliminare-ogni-polarizzazione","status":"publish","type":"post","link":"https:\/\/www.messinaoggi.it\/website\/2023\/10\/05\/elezioni-rettore-limosani-la-mia-attenzione-rivolta-al-solo-futuro-e-ad-eliminare-ogni-polarizzazione\/","title":{"rendered":"Elezioni rettore, Limosani: \u201cLa mia attenzione rivolta al solo futuro e ad eliminare ogni polarizzazione\u201d"},"content":{"rendered":"\n<p>Uno sguardo orientato al futuro volto a rendere l\u2019Universit\u00e0 di Messina competitiva con i migliori atenei nazionali ed europei. Questa la visione per il prossimo sessennio del professor Michele Limosani, noto economista di Messina nonch\u00e9 attuale direttore del dipartimento di Economia attualmente candidato alla carica di rettore dell\u2019Ateneo peloritano in vista delle imminenti elezioni, previste entro la fine dell\u2019anno.<div id=\"div-gpt-ad-Messinaoggi.it-DSK-300x250-corpoart\" style=\"text-align:center;margin:0 auto;\"><\/div><\/p>\n\n\n\n<p>\u201cIl clima attuale che segna la vita del nostro Ateneo richiede a coloro che si candidano a guidare la comunit\u00e0 accademica per i prossimi sei anni di esprimere la propria posizione con chiarezza. \u2013 dichiara Limosani \u2013 Ritengo, a tale proposito, che occorra operare un netto distinguo tra quanto sta accadendo e la campagna elettorale in corso. Per quanto mi riguarda, l\u2019attenzione \u00e8 rivolta esclusivamente al futuro, ai progetti di sviluppo, alla capacit\u00e0 di essere competitivi con le migliori universit\u00e0 nazionali ed europee, alle linee su cui si intende riorganizzare un\u2019Universit\u00e0 che, a mio avviso, ha necessit\u00e0 di essere rilanciata sotto diversi aspetti.<div id=\"videoincontent\" style=\"clear:both\";><\/div><\/p>\n\n\n\n<p>\u201cIn questi anni, nelle sedi istituzionali, ho manifestato il mio dissenso e le mie motivate critiche rispetto a diverse scelte di questa amministrazione. Non ho detto no a tutto. Ho richiamato tutti all\u2019attenzione quando si trattava di usare cautela in itinerari che apparivano impervi. Ho soprattutto difeso le prerogative e l&#8217;autonomia di scelta dei Dipartimenti. Tuttavia, da candidato, intendo privilegiare la dimensione propositiva basata sul confronto e sul rispetto delle diverse posizioni. Eventuali errori verranno individuati e giudicati nelle sedi competenti, ma non possono divenire tema della campagna, se non nell\u2019ottica della redazione di un programma elettorale che dovr\u00e0 offrire, tra l\u2019altro, massime garanzie alla comunit\u00e0 accademica che invoca, come sempre ha invocato e non potrebbe essere diversamente, il rispetto di legalit\u00e0 e di trasparenza, ma soprattutto serenit\u00e0 di impostazione, profondit\u00e0 di visione, coerenza nella azione\u201d.<\/p>\n\n\n\n<p>Il direttore del dipartimento di Economia commenta infine che, qualora dovesse vincere le elezioni, si impegner\u00e0 a essere una figura pi\u00f9 conciliante nella comunit\u00e0 accademica messinese: \u201cGli eventi di questi giorni, poi, richiedono un ulteriore impegno al futuro Rettore: eliminare certa latente tendenza alla polarizzazione che non pu\u00f2 caratterizzare la vita di un\u2019Universit\u00e0. Qualora, dovessi essere scelto per guidare il nostro Ateneo, far\u00f2 mio questo impegno che rappresenter\u00e0 una costante linea guida del mandato\u201d. Il riferimento \u00e8 probabilmente al caso sollevato dal senatore accademico Paolo Todaro relativo ai maxi rimborsi dell\u2019attuale rettore Salvatore Cuzzocrea. Il senatore accademico ha stimato che i rimborsi del rettore Cuzzocrea ammontano a quasi 2 mila euro al giorno nel periodo 2019-2023, chiedendo pertanto agli organi competenti di realizzare degli accertamenti.<\/p>\n","protected":false},"excerpt":{"rendered":"<p>Uno sguardo orientato al futuro volto a rendere l\u2019Universit\u00e0 di Messina competitiva con i migliori atenei nazionali ed europei. Questa la visione per il prossimo sessennio del professor Michele Limosani, noto economista di Messina nonch\u00e9 attuale direttore del dipartimento di Economia attualmente candidato alla carica di rettore dell\u2019Ateneo peloritano in vista delle imminenti elezioni, previste [&hellip;]<\/p>\n","protected":false},"author":8,"featured_media":28434,"comment_status":"open","ping_status":"open","sticky":false,"template":"","format":"standard","meta":{"ub_ctt_via":"","_mi_skip_tracking":false},"categories":[6],"tags":[8625,5552,1607,814],"featured_image_src":"https:\/\/www.messinaoggi.it\/website\/wp-content\/uploads\/2019\/01\/47122455_281582862496722_6249383148908445696_o.jpg","author_info":{"display_name":"red..me","author_link":"https:\/\/www.messinaoggi.it\/website\/author\/redstage\/"},"digistream_id":0,"digistream":false,"_links":{"self":[{"href":"https:\/\/www.messinaoggi.it\/website\/wp-json\/wp\/v2\/posts\/171544"}],"collection":[{"href":"https:\/\/www.messinaoggi.it\/website\/wp-json\/wp\/v2\/posts"}],"about":[{"href":"https:\/\/www.messinaoggi.it\/website\/wp-json\/wp\/v2\/types\/post"}],"author":[{"embeddable":true,"href":"https:\/\/www.messinaoggi.it\/website\/wp-json\/wp\/v2\/users\/8"}],"replies":[{"embeddable":true,"href":"https:\/\/www.messinaoggi.it\/website\/wp-json\/wp\/v2\/comments?post=171544"}],"version-history":[{"count":3,"href":"https:\/\/www.messinaoggi.it\/website\/wp-json\/wp\/v2\/posts\/171544\/revisions"}],"predecessor-version":[{"id":171568,"href":"https:\/\/www.messinaoggi.it\/website\/wp-json\/wp\/v2\/posts\/171544\/revisions\/171568"}],"wp:featuredmedia":[{"embeddable":true,"href":"https:\/\/www.messinaoggi.it\/website\/wp-json\/wp\/v2\/media\/28434"}],"wp:attachment":[{"href":"https:\/\/www.messinaoggi.it\/website\/wp-json\/wp\/v2\/media?parent=171544"}],"wp:term":[{"taxonomy":"category","embeddable":true,"href":"https:\/\/www.messinaoggi.it\/website\/wp-json\/wp\/v2\/categories?post=171544"},{"taxonomy":"post_tag","embeddable":true,"href":"https:\/\/www.messinaoggi.it\/website\/wp-json\/wp\/v2\/tags?post=171544"}],"curies":[{"name":"wp","href":"https:\/\/api.w.org\/{rel}","templated":true}]}}