{"id":171540,"date":"2023-10-05T10:47:43","date_gmt":"2023-10-05T08:47:43","guid":{"rendered":"http:\/\/www.messinaoggi.it\/website\/?p=171540"},"modified":"2023-10-05T10:47:44","modified_gmt":"2023-10-05T08:47:44","slug":"118-andronico-uil-fpl-adeguare-retribuzione-personale","status":"publish","type":"post","link":"https:\/\/www.messinaoggi.it\/website\/2023\/10\/05\/118-andronico-uil-fpl-adeguare-retribuzione-personale\/","title":{"rendered":"118, Andronico (Uil-Fpl): &#8220;Adeguare retribuzione personale&#8221;"},"content":{"rendered":"\n<p>La Uil-Fpl di Messina con una nota indirizzata al governatore della Sicilia, Renato Schifani, e all\u2019assessore alla Salute, Giovanna Volo, chiede l\u2019apertura di un tavolo negoziale per adeguare la retribuzione del personale del 118. La nota porta la firma di Livio Andronico, segretario generale della Uil-Fpl di Messina. \u00a0 <div id=\"div-gpt-ad-Messinaoggi.it-DSK-300x250-corpoart\" style=\"text-align:center;margin:0 auto;\"><\/div><\/p>\n\n\n\n<p>Il testo della nota sindacale: \u201cCome \u00e8 ben noto, con il Decreto Assessoriale 2554 del 20\/12\/2016, l\u2019Assessore Regionale alla Salute pro tempore ha firmato la\u201d Rimodulazione delle tariffe relative alle prestazioni dei medici anestesisti\/r\u00edanimatori e degli infermieri, dipendenti del SSR, impegnati in incentivazione nell&#8217;ambito del sistema di emergenza ~ urgenza 118 della Regione Sicilia\u201d. Il Decreto prevedeva il compenso orario corrisposto a titolo di incentivo per il Biennio 2017\/2018. La scrivente Organizzazione Sindacale ritiene fondamentale il ruolo svolto dal personale Medico ed Infermieristico del 118 in quanto, costituisce l\u2019interfaccia diretta, con l\u2019utenza nelle situazioni di emergenza urgenza. Infatti, medici ed infermieri del 118, il pi\u00f9 delle volte agiscono in situazioni critiche e gravi, delle quali devono sempre rispondere con la medesima responsabilit\u00e0, lucidit\u00e0 e nel rispetto dei protocolli, sottoponendosi ad enormi rischi professionali ed a carichi di lavoro non indifferenti in quanto, garantiscono un\u2019assistenza tempestiva, intensiva e continua a qualunque persona si trovi in condizioni di instabilit\u00e0 e\/o criticit\u00e0 vitale. Ci\u00f2 premesso, la scrivente ritiene impensabile continuare a retribuire il personale infermieristico e medico del 118 con le tariffe orarie, corrispondenti al Biennio 2017 \/2018 e pertanto chiede di avviare urgentemente un tavolo negoziale, affinch\u00e9 venga avviato un confronto su proposte, che attraverso risorse aggiuntive Regionali, riconoscano al personale Medico ed infermieristico, che opera nel servizio 118 e nelle Centrali Operative un implemento economico. Inoltre, da non dimenticare il ruolo svolto dal personale autista soccorritore, che sicuramente merita una maggiore gratificazione economica, per il fondamentale lavoro che espleta, completando l\u2019equipe e per gli interventi che effettua spesso anche senza il personale medico ed infermieristico. Oltre a ci\u00f2, la scrivente ritiene che le Linee Guida \u2013 Protocolli e Procedure &#8211; Servizio Sues 118 Sicilia, Decreto Assessoriale del 30 aprile 2010, presumibilmente Segreteria Provinciale UIL FPL Messina Viale S. Martino, 146 -98123 Messina Tel.: 0902935936 PEC: uilfplmessina@pec.it Website: www.uilmessina.it siano obsolete e che fatte salve le parti ritenute ancora funzionali all\u2019interno del sistema, lo stesso necessiti di una \u201crivisitazione\u201d che tenga conto anche del Ruolo, funzioni e responsabilit\u00e0 delle diverse figure professionali, dipendenti del SSR, che a nostro avviso dovrebbero essere rivalutate in sinergia con le aziende ospedaliere di appartenenza, vagliando la possibilit\u00e0 di prevedere un Avviso Interno, utile per il Conferimento di Incarichi di Funzione da assegnare al personale infermieristico che intenda svolgere il ruolo di referente di postazione territoriale\u201d. <div id=\"videoincontent\" style=\"clear:both\";><\/div><\/p>\n\n\n\n<p>Conclude la nota sindacale.\u00a0<\/p>\n","protected":false},"excerpt":{"rendered":"<p>La Uil-Fpl di Messina con una nota indirizzata al governatore della Sicilia, Renato Schifani, e all\u2019assessore alla Salute, Giovanna Volo, chiede l\u2019apertura di un tavolo negoziale per adeguare la retribuzione del personale del 118. La nota porta la firma di Livio Andronico, segretario generale della Uil-Fpl di Messina. \u00a0 Il testo della nota sindacale: \u201cCome [&hellip;]<\/p>\n","protected":false},"author":2,"featured_media":155811,"comment_status":"open","ping_status":"open","sticky":false,"template":"","format":"standard","meta":{"ub_ctt_via":"","_mi_skip_tracking":false},"categories":[6],"tags":[39,2462,8806,115],"featured_image_src":"https:\/\/www.messinaoggi.it\/website\/wp-content\/uploads\/2023\/05\/0-10.jpg","author_info":{"display_name":"Redazione","author_link":"https:\/\/www.messinaoggi.it\/website\/author\/redazione\/"},"digistream_id":0,"digistream":false,"_links":{"self":[{"href":"https:\/\/www.messinaoggi.it\/website\/wp-json\/wp\/v2\/posts\/171540"}],"collection":[{"href":"https:\/\/www.messinaoggi.it\/website\/wp-json\/wp\/v2\/posts"}],"about":[{"href":"https:\/\/www.messinaoggi.it\/website\/wp-json\/wp\/v2\/types\/post"}],"author":[{"embeddable":true,"href":"https:\/\/www.messinaoggi.it\/website\/wp-json\/wp\/v2\/users\/2"}],"replies":[{"embeddable":true,"href":"https:\/\/www.messinaoggi.it\/website\/wp-json\/wp\/v2\/comments?post=171540"}],"version-history":[{"count":1,"href":"https:\/\/www.messinaoggi.it\/website\/wp-json\/wp\/v2\/posts\/171540\/revisions"}],"predecessor-version":[{"id":171541,"href":"https:\/\/www.messinaoggi.it\/website\/wp-json\/wp\/v2\/posts\/171540\/revisions\/171541"}],"wp:featuredmedia":[{"embeddable":true,"href":"https:\/\/www.messinaoggi.it\/website\/wp-json\/wp\/v2\/media\/155811"}],"wp:attachment":[{"href":"https:\/\/www.messinaoggi.it\/website\/wp-json\/wp\/v2\/media?parent=171540"}],"wp:term":[{"taxonomy":"category","embeddable":true,"href":"https:\/\/www.messinaoggi.it\/website\/wp-json\/wp\/v2\/categories?post=171540"},{"taxonomy":"post_tag","embeddable":true,"href":"https:\/\/www.messinaoggi.it\/website\/wp-json\/wp\/v2\/tags?post=171540"}],"curies":[{"name":"wp","href":"https:\/\/api.w.org\/{rel}","templated":true}]}}