{"id":171468,"date":"2023-10-04T16:07:59","date_gmt":"2023-10-04T14:07:59","guid":{"rendered":"https:\/\/www.messinaoggi.it\/website\/2023\/10\/04\/papa-cambiamento-climatico-evidente-no-al-negazionismo\/"},"modified":"2023-10-04T16:07:59","modified_gmt":"2023-10-04T14:07:59","slug":"papa-cambiamento-climatico-evidente-no-al-negazionismo","status":"publish","type":"post","link":"https:\/\/www.messinaoggi.it\/website\/2023\/10\/04\/papa-cambiamento-climatico-evidente-no-al-negazionismo\/","title":{"rendered":"Papa \u201cCambiamento climatico evidente, no al negazionismo\u201d"},"content":{"rendered":"<div>CITTA&#8217; DEL VATICANO (ITALPRESS) &#8211; Un lungo documento diviso in 73 punti a otto anni dalla pubblicazione dell&#8217;enciclica &#8220;Laudato s\u00ec&#8221; dedicata all&#8217;ambiente. E&#8217; l&#8217;esortazione apostolica &#8220;Laudate Deum&#8221; di Papa Francesco, resa nota dal Vaticano.<br \/>Per il Pontefice &#8220;non c&#8217;\u00e8 dubbio che l&#8217;impatto del cambiamento climatico dannegger\u00e0 sempre pi\u00f9 la vita di molte persone e famiglie. Ne sentiremo gli effetti in termini di salute, lavoro, accesso alle risorse, abitazioni, migrazioni forzate e in altri ambiti. Si tratta di un problema sociale globale che \u00e8 intimamente legato alla dignit\u00e0 della vita umana&#8221;.<br \/>Secondo Papa Francesco &#8220;per quanto si cerchi di negarli, nasconderli, dissimularli o relativizzarli, i segni del cambiamento climatico sono l\u00ec, sempre pi\u00f9 evidenti. Nessuno pu\u00f2 ignorare che negli ultimi anni abbiamo assistito a fenomeni estremi, frequenti periodi di caldo anomalo, siccit\u00e0 e altri lamenti della terra che sono solo alcune espressioni tangibili di una malattia silenziosa che colpisce tutti noi. E&#8217; vero che non tutte le catastrofi possono essere attribuite al cambiamento climatico globale. Tuttavia, \u00e8 verificabile che alcuni cambiamenti climatici indotti dall&#8217;uomo aumentano significativamente la probabilit\u00e0 di eventi estremi pi\u00f9 frequenti e pi\u00f9 intensi&#8221;.<br \/>&#8220;Per porre in ridicolo chi parla di riscaldamento globale, si ricorre al fatto che si verificano di frequente anche freddi estremi &#8211; prosegue Francesco -. Si dimentica che questi e altri sintomi straordinari sono solo espressioni alternative della stessa causa: lo squilibrio globale causato dal riscaldamento del pianeta. Siccit\u00e0 e alluvioni, prosciugamento di laghi e popolazioni spazzate via da maremoti o inondazioni hanno in fondo la stessa origine. D&#8217;altra parte, se parliamo di un fenomeno globale, non possiamo confonderlo con eventi transitori e mutevoli, che sono in gran parte spiegati da fattori locali&#8221;.<br \/>&#8220;Nel tentativo di semplificare la realt\u00e0, non mancano coloro che incolpano i poveri di avere troppi figli e cercano di risolvere il problema mutilando le donne dei Paesi meno sviluppati &#8211; dice ancora Papa Francesco -. Come al solito, sembrerebbe che la colpa sia dei poveri. Ma la realt\u00e0 \u00e8 che una bassa percentuale pi\u00f9 ricca della popolazione mondiale inquina di pi\u00f9 rispetto al 50% di quella pi\u00f9 povera e che le emissioni pro capite dei Paesi pi\u00f9 ricchi sono di molto superiori a quelle dei pi\u00f9 poveri. Come dimenticare che l&#8217;Africa, che ospita pi\u00f9 della met\u00e0 delle persone pi\u00f9 povere del mondo, \u00e8 responsabile solo di una minima parte delle emissioni storiche?&#8221;.<br \/>&#8220;La transizione verso forme di energia rinnovabile, ben gestita, cos\u00ec come tutti gli sforzi per adattarsi ai danni del cambiamento climatico, sono in grado di generare innumerevoli posti di lavoro in diversi settori. Per questo \u00e8 necessario che i politici e gli imprenditori se ne occupino subito&#8221;, aggiunge il Papa.<br \/>Il Pontefice critica &#8220;certe opinioni sprezzanti e irragionevoli che trovo anche all&#8217;interno della Chiesa cattolica&#8221; che negano le cause umane del cambiamento climatico.<br \/>&#8220;La pandemia di Covid-19 ha confermato la stretta relazione della vita umana con quella degli altri esseri viventi e con l&#8217;ambiente&#8221;, spiega Papa Francesco, che parla della risposta politica internazionale a questi fenomeni: &#8220;Pi\u00f9 che salvare il vecchio multilateralismo, sembra che oggi la sfida sia quella di riconfigurarlo e ricrearlo alla luce della nuova situazione globale. Vi invito a riconoscere che \u00abtante aggregazioni e organizzazioni della societ\u00e0 civile aiutano a compensare le debolezze della Comunit\u00e0 internazionale, la sua mancanza di coordinamento in situazioni complesse, la sua carenza di attenzione rispetto a diritti umani\u00bb. A tale riguardo, il processo di Ottawa contro l&#8217;uso, la produzione e la fabbricazione delle mine antiuomo \u00e8 un esempio che dimostra come la societ\u00e0 civile e le sue organizzazioni siano in grado di creare dinamiche efficienti che l&#8217;ONU non raggiunge. In questo modo, il principio di sussidiariet\u00e0 si applica anche al rapporto globale-locale&#8221;.<br \/>&#8220;Gli Emirati Arabi Uniti ospiteranno la prossima Conferenza delle Parti (COP28). E&#8217; un Paese del Golfo Persico che si caratterizza come grande esportatore di energia fossile, anche se ha investito molto nelle energie rinnovabili &#8211; spiega il Pontefice -. Nel frattempo, le compagnie petrolifere e del gas ambiscono l\u00ec a nuovi progetti per espandere ulteriormente la produzione. Dire che non bisogna aspettarsi nulla sarebbe autolesionistico, perch\u00e8 significherebbe esporre tutta l&#8217;umanit\u00e0, specialmente i pi\u00f9 poveri, ai peggiori impatti del cambiamento climatico. Se abbiamo fiducia nella capacit\u00e0 dell&#8217;essere umano di trascendere i suoi piccoli interessi e di pensare in grande, non possiamo rinunciare a sognare che la COP28 porti a una decisa accelerazione della transizione energetica, con impegni efficaci che possano essere monitorati in modo permanente. Questa Conferenza pu\u00f2 essere un punto di svolta, comprovando che tutto quanto si \u00e8 fatto dal 1992 era serio e opportuno, altrimenti sar\u00e0 una grande delusione e metter\u00e0 a rischio quanto di buono si \u00e8 potuto fin qui raggiungere&#8221;.<br \/>Infine un richiamo al mondo occidentale: &#8220;Se consideriamo che le emissioni pro capite negli Stati Uniti sono circa il doppio di quelle di un abitante della Cina e circa sette volte maggiori rispetto alla media dei Paesi pi\u00f9 poveri, possiamo affermare che un cambiamento diffuso dello stile di vita irresponsabile legato al modello occidentale avrebbe un impatto significativo a lungo termine. Cos\u00ec, con le indispensabili decisioni politiche, saremmo sulla strada della cura reciproca&#8221;.<div id=\"div-gpt-ad-Messinaoggi.it-DSK-300x250-corpoart\" style=\"text-align:center;margin:0 auto;\"><\/div><\/p>\n<p>&#8211; Foto: Agenzia Fotogramma &#8211;<div id=\"videoincontent\" style=\"clear:both\";><\/div><\/p>\n<p>(ITALPRESS).<\/p><\/div>\n","protected":false},"excerpt":{"rendered":"<p>CITTA&#8217; DEL VATICANO (ITALPRESS) &#8211; Un lungo documento diviso in 73 punti a otto anni dalla pubblicazione dell&#8217;enciclica &#8220;Laudato s\u00ec&#8221; dedicata all&#8217;ambiente. E&#8217; l&#8217;esortazione apostolica &#8220;Laudate Deum&#8221; di Papa Francesco, resa nota dal Vaticano.Per il Pontefice &#8220;non c&#8217;\u00e8 dubbio che l&#8217;impatto del cambiamento climatico dannegger\u00e0 sempre pi\u00f9 la vita di molte persone e famiglie. Ne [&hellip;]<\/p>\n","protected":false},"author":18,"featured_media":171469,"comment_status":"closed","ping_status":"closed","sticky":false,"template":"","format":"standard","meta":{"ub_ctt_via":"","_mi_skip_tracking":false},"categories":[446],"tags":[783],"featured_image_src":"https:\/\/www.messinaoggi.it\/website\/wp-content\/uploads\/2023\/10\/20231004_0946.jpg","author_info":{"display_name":"Admin","author_link":"https:\/\/www.messinaoggi.it\/website\/author\/admin\/"},"digistream_id":0,"digistream":false,"_links":{"self":[{"href":"https:\/\/www.messinaoggi.it\/website\/wp-json\/wp\/v2\/posts\/171468"}],"collection":[{"href":"https:\/\/www.messinaoggi.it\/website\/wp-json\/wp\/v2\/posts"}],"about":[{"href":"https:\/\/www.messinaoggi.it\/website\/wp-json\/wp\/v2\/types\/post"}],"author":[{"embeddable":true,"href":"https:\/\/www.messinaoggi.it\/website\/wp-json\/wp\/v2\/users\/18"}],"replies":[{"embeddable":true,"href":"https:\/\/www.messinaoggi.it\/website\/wp-json\/wp\/v2\/comments?post=171468"}],"version-history":[{"count":0,"href":"https:\/\/www.messinaoggi.it\/website\/wp-json\/wp\/v2\/posts\/171468\/revisions"}],"wp:featuredmedia":[{"embeddable":true,"href":"https:\/\/www.messinaoggi.it\/website\/wp-json\/wp\/v2\/media\/171469"}],"wp:attachment":[{"href":"https:\/\/www.messinaoggi.it\/website\/wp-json\/wp\/v2\/media?parent=171468"}],"wp:term":[{"taxonomy":"category","embeddable":true,"href":"https:\/\/www.messinaoggi.it\/website\/wp-json\/wp\/v2\/categories?post=171468"},{"taxonomy":"post_tag","embeddable":true,"href":"https:\/\/www.messinaoggi.it\/website\/wp-json\/wp\/v2\/tags?post=171468"}],"curies":[{"name":"wp","href":"https:\/\/api.w.org\/{rel}","templated":true}]}}