{"id":171440,"date":"2023-10-04T15:08:01","date_gmt":"2023-10-04T13:08:01","guid":{"rendered":"https:\/\/www.messinaoggi.it\/website\/2023\/10\/04\/italiano-col-ferencvaros-servono-i-tre-punti\/"},"modified":"2023-10-04T15:08:01","modified_gmt":"2023-10-04T13:08:01","slug":"italiano-col-ferencvaros-servono-i-tre-punti","status":"publish","type":"post","link":"https:\/\/www.messinaoggi.it\/website\/2023\/10\/04\/italiano-col-ferencvaros-servono-i-tre-punti\/","title":{"rendered":"Italiano \u201cCol Ferencvaros servono i tre punti\u201d"},"content":{"rendered":"<div>FIRENZE (ITALPRESS) &#8211; &#8220;Ho chiesto ai ragazzi di approcciare la partita come nelle ultime gare. Abbiamo l&#8217;opportunit\u00e0 di fare punti e quindi dobbiamo affrontarla con la massima concentrazione&#8221;. Lo ha detto il tecnico viola Vincenzo Italiano, alla vigilia della gara fra Fiorentina e Ferencvaros, valida per i gironi di Conference League e in programma domani sera al Franchi. &#8220;E&#8217; una gara molto importante perch\u00e8 \u00e8 la prima in casa di questo girone e dobbiamo ottenere il massimo in termini di punti, cercando di ripetere quanto fatto ultimamente &#8211; ha aggiunto Italiano -. Questa classifica richiede un&#8217;accelerata in termini di punti, dobbiamo sfruttare l&#8217;inerzia, l&#8217;entusiasmo e il fattore campo, rispettando il nostro avversario che \u00e8 in vantaggio in classifica rispetto a noi. Stankovic \u00e8 un allenatore importante &#8211; il riferimento al tecnico serbo che guida i magiari &#8211; dobbiamo per\u00f2 ottenere i tre punti&#8221;. Italiano ha ufficializzato che domani giocher\u00e0 Christensen mentre parlando delle condizioni di Biraghi, reduce da un infortunio, il tecnico gigliato ha spiegato: &#8220;La sua caviglia \u00e8 molto migliorata, si \u00e8 allenato in gruppo, se domani sar\u00e0 risolto il suo problema, sar\u00e0 della partita. Mi auguro di s\u00ec&#8221;.<br \/>&#8220;Per noi questa coppa \u00e8 troppo importante, vogliamo dare tutto e vincere domani, ci stiamo preparando per fare un bel percorso in questo torneo. Ci teniamo tantissimo e vogliamo arrivare fino in fondo&#8221;, sono invece le parole di Lucas Martinez Quarta alla vigilia. &#8220;Le voci di mercato sono il passato, ora sono qua e sono felice. Sono stato vicino a partire ma poi sono rimasto, stiamo facendo un bel lavoro e dobbiamo continuare cos\u00ec&#8221; ha aggiunto l&#8217;argentino che poi ha parlato del suo splendido inizio di stagione. &#8220;Quando le cose vanno bene tutti si divertono. Sto vivendo un momento bello, sto segnando perch\u00e8 il mister mi ha dato pi\u00f9 libert\u00e0 ed \u00e8 una cosa bella sentire fiducia. So che ogni partita \u00e8 un esame, devo dare il massimo in ogni partita&#8221;.<br \/>&#8211; foto LivePhotoSport &#8211; <br \/>(ITALPRESS).<\/div>\n<div id=\"div-gpt-ad-Messinaoggi.it-DSK-300x250-corpoart\" style=\"text-align:center;margin:0 auto;\"><\/div><\/p><div id=\"videoincontent\" style=\"clear:both\";><\/div>","protected":false},"excerpt":{"rendered":"<p>FIRENZE (ITALPRESS) &#8211; &#8220;Ho chiesto ai ragazzi di approcciare la partita come nelle ultime gare. Abbiamo l&#8217;opportunit\u00e0 di fare punti e quindi dobbiamo affrontarla con la massima concentrazione&#8221;. Lo ha detto il tecnico viola Vincenzo Italiano, alla vigilia della gara fra Fiorentina e Ferencvaros, valida per i gironi di Conference League e in programma domani [&hellip;]<\/p>\n","protected":false},"author":18,"featured_media":171441,"comment_status":"closed","ping_status":"closed","sticky":false,"template":"","format":"standard","meta":{"ub_ctt_via":"","_mi_skip_tracking":false},"categories":[446],"tags":[783],"featured_image_src":"https:\/\/www.messinaoggi.it\/website\/wp-content\/uploads\/2023\/10\/20231004_0919.jpg","author_info":{"display_name":"Admin","author_link":"https:\/\/www.messinaoggi.it\/website\/author\/admin\/"},"digistream_id":0,"digistream":false,"_links":{"self":[{"href":"https:\/\/www.messinaoggi.it\/website\/wp-json\/wp\/v2\/posts\/171440"}],"collection":[{"href":"https:\/\/www.messinaoggi.it\/website\/wp-json\/wp\/v2\/posts"}],"about":[{"href":"https:\/\/www.messinaoggi.it\/website\/wp-json\/wp\/v2\/types\/post"}],"author":[{"embeddable":true,"href":"https:\/\/www.messinaoggi.it\/website\/wp-json\/wp\/v2\/users\/18"}],"replies":[{"embeddable":true,"href":"https:\/\/www.messinaoggi.it\/website\/wp-json\/wp\/v2\/comments?post=171440"}],"version-history":[{"count":0,"href":"https:\/\/www.messinaoggi.it\/website\/wp-json\/wp\/v2\/posts\/171440\/revisions"}],"wp:featuredmedia":[{"embeddable":true,"href":"https:\/\/www.messinaoggi.it\/website\/wp-json\/wp\/v2\/media\/171441"}],"wp:attachment":[{"href":"https:\/\/www.messinaoggi.it\/website\/wp-json\/wp\/v2\/media?parent=171440"}],"wp:term":[{"taxonomy":"category","embeddable":true,"href":"https:\/\/www.messinaoggi.it\/website\/wp-json\/wp\/v2\/categories?post=171440"},{"taxonomy":"post_tag","embeddable":true,"href":"https:\/\/www.messinaoggi.it\/website\/wp-json\/wp\/v2\/tags?post=171440"}],"curies":[{"name":"wp","href":"https:\/\/api.w.org\/{rel}","templated":true}]}}