{"id":171428,"date":"2023-10-04T14:08:00","date_gmt":"2023-10-04T12:08:00","guid":{"rendered":"https:\/\/www.messinaoggi.it\/website\/2023\/10\/04\/mourinho-turnover-col-servette-dybala-in-panchina\/"},"modified":"2023-10-04T14:08:00","modified_gmt":"2023-10-04T12:08:00","slug":"mourinho-turnover-col-servette-dybala-in-panchina","status":"publish","type":"post","link":"https:\/\/www.messinaoggi.it\/website\/2023\/10\/04\/mourinho-turnover-col-servette-dybala-in-panchina\/","title":{"rendered":"Mourinho \u201cTurnover col Servette, Dybala in panchina\u201d"},"content":{"rendered":"<div>ROMA (ITALPRESS) &#8211; &#8220;Faremo qualche cambio. Dybala domani sar\u00e0 in panchina e non solo lui, ma vogliamo vincere la partita e per farlo dobbiamo avere una squadra in grado di farlo, per questo non sar\u00e0 un turnover totale. Bove? Giocher\u00e0. Quando sono arrivato stava andando in prestito in C. E&#8217; un ragazzo che lavora sempre anche quando non gioca. Sono molto orgoglioso di averlo fatto diventare importante per la Roma e per il calcio italiano&#8221;. Cos\u00ec in conferenza stampa Jos\u00e8 Mourinho, tecnico della Roma, parla della sfida al Servette in Europa League. &#8220;Il primo obiettivo \u00e8 qualificarsi, l&#8217;anno scorso lo abbiamo fatto ma non da primi e abbiamo giocato contro una squadra che arrivava da Champions &#8211; ricorda il mister giallorosso &#8211; Dobbiamo fare tutto per finire primi, ma \u00e8 prematuro parlare di dove si pu\u00f2 arrivare, ragioniamo passo dopo passo. Se guardiamo gli avversari ci sono squadre di grande livello, qualche squalo dalla Champions arriver\u00e0 ma anche l&#8217;anno scorso lo era. Mi pesa non essere in panchina? Ho fiducia nei giocatori e nello staff, non stare in panchina pu\u00f2 avere un piccolo impatto ma non pi\u00f9 di questo&#8221;, conclude lo Special One. &#8220;Abbiamo tanto margine di miglioramento, siamo una squadra forte che pu\u00f2 fare meglio. Ho trovato una Roma molto cambiata, sono felice di essere qui. Mi sento pronto per questa sfida, amo Roma e far\u00f2 di tutto per dare il mio massimo per fare bene e vincere qualcosa con questa maglia. Mourinho? Per me e per la Roma \u00e8 un onore avere lui come allenatore&#8221;, le parole di Leandro Paredes, centrocampista della Roma. L&#8217;argentino, poi, pregue sottolineando come &#8220;qui sono stato bene, alla Juventus \u00e8 stato difficile per tutta la squadra ma appena sono arrivato a Roma il mister mi ha dato tanta fiducia, per me \u00e8 molto importante e questo mi fa dare il massimo. Mi sento bene, sono in grado di poter fare 90 minuti. Lui non vuole che domani giochi tanti minuti, ma per me \u00e8 molto importante continuare a farlo perch\u00e8 solo cos\u00ec trover\u00f2 il mio 100%&#8221;, conclude l&#8217;ex Psg.<br \/>&#8211; Foto LivePhotoSport &#8211;<br \/>(ITALPRESS).<\/div>\n<div id=\"div-gpt-ad-Messinaoggi.it-DSK-300x250-corpoart\" style=\"text-align:center;margin:0 auto;\"><\/div><\/p><div id=\"videoincontent\" style=\"clear:both\";><\/div>","protected":false},"excerpt":{"rendered":"<p>ROMA (ITALPRESS) &#8211; &#8220;Faremo qualche cambio. Dybala domani sar\u00e0 in panchina e non solo lui, ma vogliamo vincere la partita e per farlo dobbiamo avere una squadra in grado di farlo, per questo non sar\u00e0 un turnover totale. Bove? Giocher\u00e0. Quando sono arrivato stava andando in prestito in C. E&#8217; un ragazzo che lavora sempre [&hellip;]<\/p>\n","protected":false},"author":18,"featured_media":171429,"comment_status":"closed","ping_status":"closed","sticky":false,"template":"","format":"standard","meta":{"ub_ctt_via":"","_mi_skip_tracking":false},"categories":[446],"tags":[783],"featured_image_src":"https:\/\/www.messinaoggi.it\/website\/wp-content\/uploads\/2023\/10\/20231004_0644.jpg","author_info":{"display_name":"Admin","author_link":"https:\/\/www.messinaoggi.it\/website\/author\/admin\/"},"digistream_id":0,"digistream":false,"_links":{"self":[{"href":"https:\/\/www.messinaoggi.it\/website\/wp-json\/wp\/v2\/posts\/171428"}],"collection":[{"href":"https:\/\/www.messinaoggi.it\/website\/wp-json\/wp\/v2\/posts"}],"about":[{"href":"https:\/\/www.messinaoggi.it\/website\/wp-json\/wp\/v2\/types\/post"}],"author":[{"embeddable":true,"href":"https:\/\/www.messinaoggi.it\/website\/wp-json\/wp\/v2\/users\/18"}],"replies":[{"embeddable":true,"href":"https:\/\/www.messinaoggi.it\/website\/wp-json\/wp\/v2\/comments?post=171428"}],"version-history":[{"count":0,"href":"https:\/\/www.messinaoggi.it\/website\/wp-json\/wp\/v2\/posts\/171428\/revisions"}],"wp:featuredmedia":[{"embeddable":true,"href":"https:\/\/www.messinaoggi.it\/website\/wp-json\/wp\/v2\/media\/171429"}],"wp:attachment":[{"href":"https:\/\/www.messinaoggi.it\/website\/wp-json\/wp\/v2\/media?parent=171428"}],"wp:term":[{"taxonomy":"category","embeddable":true,"href":"https:\/\/www.messinaoggi.it\/website\/wp-json\/wp\/v2\/categories?post=171428"},{"taxonomy":"post_tag","embeddable":true,"href":"https:\/\/www.messinaoggi.it\/website\/wp-json\/wp\/v2\/tags?post=171428"}],"curies":[{"name":"wp","href":"https:\/\/api.w.org\/{rel}","templated":true}]}}