{"id":17133,"date":"2018-03-22T20:52:14","date_gmt":"2018-03-22T19:52:14","guid":{"rendered":"http:\/\/www.messinaoggi.it\/website\/?p=17133"},"modified":"2018-03-22T20:52:14","modified_gmt":"2018-03-22T19:52:14","slug":"giampilieri-non-dimentica-domenica-la-via-crucis-nei-luoghi-dellalluvione","status":"publish","type":"post","link":"https:\/\/www.messinaoggi.it\/website\/2018\/03\/22\/giampilieri-non-dimentica-domenica-la-via-crucis-nei-luoghi-dellalluvione\/","title":{"rendered":"Giampilieri non dimentica: stasera la Via Crucis nei luoghi dell&#039;alluvione"},"content":{"rendered":"<p>Una simbolica processione nei luoghi del dolore: ad organizzarla \u00e8 la parrocchia S. Nicol\u00f2 di Bari, unitamente ai cittadini di Giampilieri.<br \/>\nOggi alle 19.30 si terr\u00e0 la Via Crucis vivente sui luoghi devastati dall\u2019alluvione del 1\u00b0 ottobre 2009, che fece registrare 37 vittime tra\u00a0Giampilieri e Scaletta. La rappresentazione &#8211; che si snoder\u00e0 lungo il Canalone, una nuova opera di ingegneria idraulica inaugurata il 5 agosto scorso &#8211; sar\u00e0 accompagnata dalle musiche del coro polifonico \u201cS. Nicol\u00f2\u201d diretto dal maestro Nazzareno De Benedetto, dal violino di Cettina De Benedetto e dal pianoforte di Francesco Micali.<br \/>\n\u201cA quasi nove anni dalla tragica alluvione che ha colpito questo borgo \u2013 spiega don Alessandro De Gregorio &#8211; abbiamo voluto scegliere come tragitto quei luoghi e quegli spazi per la forte carica simbolica che essi rappresentano per i nostri concittadini.<br \/>\nLa Via Crucis &#8211; conclude il parroco &#8211; vuole ripercorrere la via dolorosa della Croce proprio li dove il dolore si \u00e8 consumato e dove hanno perso la vita 19 persone nella certezza di volere tenere vivo il ricordo di un passato difficile costruendo un presente di speranza e risurrezione\u201d.<div id=\"div-gpt-ad-Messinaoggi.it-DSK-300x250-corpoart\" style=\"text-align:center;margin:0 auto;\"><\/div><\/p>\n<div id=\"videoincontent\" style=\"clear:both\";><\/div>","protected":false},"excerpt":{"rendered":"<p>Una simbolica processione nei luoghi del dolore: ad organizzarla \u00e8 la parrocchia S. Nicol\u00f2 di Bari, unitamente ai cittadini di Giampilieri. Oggi alle 19.30 si terr\u00e0 la Via Crucis vivente sui luoghi devastati dall\u2019alluvione del 1\u00b0 ottobre 2009, che fece registrare 37 vittime tra\u00a0Giampilieri e Scaletta. La rappresentazione &#8211; che si snoder\u00e0 lungo il Canalone, [&hellip;]<\/p>\n","protected":false},"author":2,"featured_media":17352,"comment_status":"closed","ping_status":"open","sticky":false,"template":"","format":"standard","meta":{"ub_ctt_via":"","_mi_skip_tracking":false},"categories":[5],"tags":[],"featured_image_src":"https:\/\/www.messinaoggi.it\/website\/wp-content\/uploads\/2018\/03\/via-crucis-a-giampilieri-2.jpg","author_info":{"display_name":"Redazione","author_link":"https:\/\/www.messinaoggi.it\/website\/author\/redazione\/"},"digistream_id":0,"digistream":false,"_links":{"self":[{"href":"https:\/\/www.messinaoggi.it\/website\/wp-json\/wp\/v2\/posts\/17133"}],"collection":[{"href":"https:\/\/www.messinaoggi.it\/website\/wp-json\/wp\/v2\/posts"}],"about":[{"href":"https:\/\/www.messinaoggi.it\/website\/wp-json\/wp\/v2\/types\/post"}],"author":[{"embeddable":true,"href":"https:\/\/www.messinaoggi.it\/website\/wp-json\/wp\/v2\/users\/2"}],"replies":[{"embeddable":true,"href":"https:\/\/www.messinaoggi.it\/website\/wp-json\/wp\/v2\/comments?post=17133"}],"version-history":[{"count":0,"href":"https:\/\/www.messinaoggi.it\/website\/wp-json\/wp\/v2\/posts\/17133\/revisions"}],"wp:featuredmedia":[{"embeddable":true,"href":"https:\/\/www.messinaoggi.it\/website\/wp-json\/wp\/v2\/media\/17352"}],"wp:attachment":[{"href":"https:\/\/www.messinaoggi.it\/website\/wp-json\/wp\/v2\/media?parent=17133"}],"wp:term":[{"taxonomy":"category","embeddable":true,"href":"https:\/\/www.messinaoggi.it\/website\/wp-json\/wp\/v2\/categories?post=17133"},{"taxonomy":"post_tag","embeddable":true,"href":"https:\/\/www.messinaoggi.it\/website\/wp-json\/wp\/v2\/tags?post=17133"}],"curies":[{"name":"wp","href":"https:\/\/api.w.org\/{rel}","templated":true}]}}