{"id":171243,"date":"2023-10-03T08:55:05","date_gmt":"2023-10-03T06:55:05","guid":{"rendered":"http:\/\/www.messinaoggi.it\/website\/?p=171243"},"modified":"2023-10-03T13:46:21","modified_gmt":"2023-10-03T11:46:21","slug":"arriva-il-primo-stop-a-messina-acque-basile-rilancia-amam-per-la-gestione-integrata","status":"publish","type":"post","link":"https:\/\/www.messinaoggi.it\/website\/2023\/10\/03\/arriva-il-primo-stop-a-messina-acque-basile-rilancia-amam-per-la-gestione-integrata\/","title":{"rendered":"Arriva il primo stop a Messina Acque, Basile rilancia AMAM per la gestione integrata"},"content":{"rendered":"\n<p>Arriva il primo stop all&#8217;avvio della Messina Acque Spa, la societ\u00e0 mista publico-privata voluta dalla Regione per la gestione del servizio idrico integrato dell\u2019intera provincia di Messina. Con decreto 01755\/2023, il TAR di Catania ha accolto il ricorso proposto dal comune di Messina, di fatto contrario alla nascita della societ\u00e0 mista. Il TAR di Catania ha confermato che la vicenda non sia affatto chiara, cos\u00ec come il Commissario ATI idrico regionale vorrebbe far credere, e che gli atti impugnati presuppongono uno stop per un approfondimento documentale che potr\u00e0 avvenire in Camera di consiglio il prossimo 17 ottobre 2023.<div id=\"div-gpt-ad-Messinaoggi.it-DSK-300x250-corpoart\" style=\"text-align:center;margin:0 auto;\"><\/div><\/p>\n\n\n\n<p>&#8220;Si afferma una prima verit\u00e0 &#8211; sostiene il sindaco Federico Basile nel commentare la notizia &#8211; che la procedura non \u00e8 proprio cos\u00ec lineare come il Commissario regionale vorrebbe fare credere. A nostro avviso, come pi\u00f9 volte ribadito, non in ultimo nell&#8217;Assemblea dei sindaci di ATI Idrico dello scorso venerd\u00ec 29 settembre, la procedura travalica l&#8217;autonomia dell&#8217;ATI in alcuni passaggi chiave per questo abbiamo proposto ricorso, come comune di Messina, che oggi vede riconosciuto un fondamento specifico; gli interessi sono molteplici e la questione non \u00e8 affatto chiara.<div id=\"videoincontent\" style=\"clear:both\";><\/div><\/p>\n\n\n\n<p>&#8220;<strong>Siamo sempre pi\u00f9 convinti che sarebbe necessario sedersi con gli altri sindaci e rivalutare l&#8217;opzione AMAM per la gestione del servizio idrico integrato<\/strong> senza permettere a privati l&#8217;intromissione nella gestione di un servizio pubblico essenziale come quello della distribuzione idrica. Si avrebbe la necessit\u00e0 del privato di avere un profitto, mentre non sono certi gli investimenti tanto acclamati. Basterebbe infatti entrare in AMAM, anche con una piccola quota, per avere quei requisiti per partecipare ai bandi pubblici per i finanziamenti extrabilancio, mentre l&#8217;annessione potrebbe essere effettuata per livelli successivi di necessit\u00e0, come \u00e8 accaduto nell&#8217;ambito palermitano&#8221;.<\/p>\n","protected":false},"excerpt":{"rendered":"<p>Arriva il primo stop all&#8217;avvio della Messina Acque Spa, la societ\u00e0 mista publico-privata voluta dalla Regione per la gestione del servizio idrico integrato dell\u2019intera provincia di Messina. Con decreto 01755\/2023, il TAR di Catania ha accolto il ricorso proposto dal comune di Messina, di fatto contrario alla nascita della societ\u00e0 mista. Il TAR di Catania [&hellip;]<\/p>\n","protected":false},"author":8,"featured_media":161126,"comment_status":"open","ping_status":"open","sticky":false,"template":"","format":"standard","meta":{"ub_ctt_via":"","_mi_skip_tracking":false},"categories":[6],"tags":[1080,8796,4255],"featured_image_src":"https:\/\/www.messinaoggi.it\/website\/wp-content\/uploads\/2023\/06\/0-1-8.jpg","author_info":{"display_name":"red..me","author_link":"https:\/\/www.messinaoggi.it\/website\/author\/redstage\/"},"digistream_id":0,"digistream":false,"_links":{"self":[{"href":"https:\/\/www.messinaoggi.it\/website\/wp-json\/wp\/v2\/posts\/171243"}],"collection":[{"href":"https:\/\/www.messinaoggi.it\/website\/wp-json\/wp\/v2\/posts"}],"about":[{"href":"https:\/\/www.messinaoggi.it\/website\/wp-json\/wp\/v2\/types\/post"}],"author":[{"embeddable":true,"href":"https:\/\/www.messinaoggi.it\/website\/wp-json\/wp\/v2\/users\/8"}],"replies":[{"embeddable":true,"href":"https:\/\/www.messinaoggi.it\/website\/wp-json\/wp\/v2\/comments?post=171243"}],"version-history":[{"count":3,"href":"https:\/\/www.messinaoggi.it\/website\/wp-json\/wp\/v2\/posts\/171243\/revisions"}],"predecessor-version":[{"id":171291,"href":"https:\/\/www.messinaoggi.it\/website\/wp-json\/wp\/v2\/posts\/171243\/revisions\/171291"}],"wp:featuredmedia":[{"embeddable":true,"href":"https:\/\/www.messinaoggi.it\/website\/wp-json\/wp\/v2\/media\/161126"}],"wp:attachment":[{"href":"https:\/\/www.messinaoggi.it\/website\/wp-json\/wp\/v2\/media?parent=171243"}],"wp:term":[{"taxonomy":"category","embeddable":true,"href":"https:\/\/www.messinaoggi.it\/website\/wp-json\/wp\/v2\/categories?post=171243"},{"taxonomy":"post_tag","embeddable":true,"href":"https:\/\/www.messinaoggi.it\/website\/wp-json\/wp\/v2\/tags?post=171243"}],"curies":[{"name":"wp","href":"https:\/\/api.w.org\/{rel}","templated":true}]}}