{"id":171173,"date":"2023-10-02T16:07:59","date_gmt":"2023-10-02T14:07:59","guid":{"rendered":"https:\/\/www.messinaoggi.it\/website\/2023\/10\/02\/inzaghi-benfica-squadra-intensa-servira-unottima-inter\/"},"modified":"2023-10-02T16:07:59","modified_gmt":"2023-10-02T14:07:59","slug":"inzaghi-benfica-squadra-intensa-servira-unottima-inter","status":"publish","type":"post","link":"https:\/\/www.messinaoggi.it\/website\/2023\/10\/02\/inzaghi-benfica-squadra-intensa-servira-unottima-inter\/","title":{"rendered":"Inzaghi \u201cBenfica squadra intensa, servir\u00e0 un\u2019ottima Inter\u201d"},"content":{"rendered":"<div>MILANO (ITALPRESS) &#8211; &#8220;Il Benfica \u00e8 una squadra intensa che gioca bene, in campionato ha vinto tutte le gare tranne la prima, oltre alla supercoppa portoghese. Ci vorr\u00e0 un&#8217;ottima Inter&#8221;. Lo ha detto il tecnico dell&#8217;Inter, Simone Inzaghi, alla vigilia del match di Champions League contro il Benfica. &#8220;Dovremo essere intensi, perch\u00e8 loro coprono velocemente ogni parte del campo, e essere intelligenti a leggere i momenti della gara &#8211; ha aggiunto il mister nerazzurro &#8211; Il nostro \u00e8 un girone equilibrato, dovremo fare bene le partite in casa e le ultime due in trasferta&#8221;. &#8220;Cuadrado? Oggi si \u00e8 allenato, aveva una tendinite fastidiosa, non abbiamo fatto tantissimo ma lo ha fatto bene &#8211; ha proseguito Inzaghi &#8211; E&#8217; convocato, per metterlo in campo dall&#8217;inizio devo fare le valutazioni ma \u00e8 un giocatore importantissimo, che ci \u00e8 mancato e sul quale conto. Frattesi? Cercheremo di averlo sabato contro il Bologna, con lo staff medico abbiamo deciso di non rischiarlo, meglio non averlo per due partite che per un mese. Sensi? Ha un problema, credo che lo rivedremo dopo la sosta&#8221;. Una battuta anche su Lautaro: &#8220;Nei miei primi due anni \u00e8 stato fantastico e quest&#8217;anno \u00e8 partito ancora meglio. Come uomo, ha un grandissimo senso di appartenenza all&#8217;Inter che fa la differenza&#8221;. &#8220;E&#8217; stato molto importante andare in finale l&#8217;anno scorso, non \u00e8 stato facile perch\u00e8 il Benfica \u00e8 una squadra forte, che fa pressing alto con entusiasmo e voglia &#8211; le parole del centrocampista turco dell&#8217;Inter, Hakan Calhanoglu &#8211; Sappiamo chi affronteremo domani, una squadra che va sempre avanti e non molla mai, per\u00f2 ci siamo preparati bene e vedremo cosa succeder\u00e0&#8221;. Per &#8216;Calh\u00e0 sar\u00e0 il debutto in questa Champions: &#8220;E&#8217; stato importante per me riposare con la Real Sociedad, abbiamo fatto bene cos\u00ec e domani non vedo l&#8217;ora di giocare una partita molto importante per i nostri tifosi&#8221;.<br \/>&#8211; foto LivePhotoSport &#8211; <br \/>(ITALPRESS).<\/div>\n<div id=\"div-gpt-ad-Messinaoggi.it-DSK-300x250-corpoart\" style=\"text-align:center;margin:0 auto;\"><\/div><\/p><div id=\"videoincontent\" style=\"clear:both\";><\/div>","protected":false},"excerpt":{"rendered":"<p>MILANO (ITALPRESS) &#8211; &#8220;Il Benfica \u00e8 una squadra intensa che gioca bene, in campionato ha vinto tutte le gare tranne la prima, oltre alla supercoppa portoghese. Ci vorr\u00e0 un&#8217;ottima Inter&#8221;. Lo ha detto il tecnico dell&#8217;Inter, Simone Inzaghi, alla vigilia del match di Champions League contro il Benfica. &#8220;Dovremo essere intensi, perch\u00e8 loro coprono velocemente [&hellip;]<\/p>\n","protected":false},"author":18,"featured_media":171174,"comment_status":"closed","ping_status":"closed","sticky":false,"template":"","format":"standard","meta":{"ub_ctt_via":"","_mi_skip_tracking":false},"categories":[446],"tags":[783],"featured_image_src":"https:\/\/www.messinaoggi.it\/website\/wp-content\/uploads\/2023\/10\/20231002_1130.jpg","author_info":{"display_name":"Admin","author_link":"https:\/\/www.messinaoggi.it\/website\/author\/admin\/"},"digistream_id":0,"digistream":false,"_links":{"self":[{"href":"https:\/\/www.messinaoggi.it\/website\/wp-json\/wp\/v2\/posts\/171173"}],"collection":[{"href":"https:\/\/www.messinaoggi.it\/website\/wp-json\/wp\/v2\/posts"}],"about":[{"href":"https:\/\/www.messinaoggi.it\/website\/wp-json\/wp\/v2\/types\/post"}],"author":[{"embeddable":true,"href":"https:\/\/www.messinaoggi.it\/website\/wp-json\/wp\/v2\/users\/18"}],"replies":[{"embeddable":true,"href":"https:\/\/www.messinaoggi.it\/website\/wp-json\/wp\/v2\/comments?post=171173"}],"version-history":[{"count":0,"href":"https:\/\/www.messinaoggi.it\/website\/wp-json\/wp\/v2\/posts\/171173\/revisions"}],"wp:featuredmedia":[{"embeddable":true,"href":"https:\/\/www.messinaoggi.it\/website\/wp-json\/wp\/v2\/media\/171174"}],"wp:attachment":[{"href":"https:\/\/www.messinaoggi.it\/website\/wp-json\/wp\/v2\/media?parent=171173"}],"wp:term":[{"taxonomy":"category","embeddable":true,"href":"https:\/\/www.messinaoggi.it\/website\/wp-json\/wp\/v2\/categories?post=171173"},{"taxonomy":"post_tag","embeddable":true,"href":"https:\/\/www.messinaoggi.it\/website\/wp-json\/wp\/v2\/tags?post=171173"}],"curies":[{"name":"wp","href":"https:\/\/api.w.org\/{rel}","templated":true}]}}