{"id":171147,"date":"2023-10-02T14:08:02","date_gmt":"2023-10-02T12:08:02","guid":{"rendered":"https:\/\/www.messinaoggi.it\/website\/2023\/10\/02\/migranti-schlein-le-leggi-della-destra-producono-caos\/"},"modified":"2023-10-02T14:08:02","modified_gmt":"2023-10-02T12:08:02","slug":"migranti-schlein-le-leggi-della-destra-producono-caos","status":"publish","type":"post","link":"https:\/\/www.messinaoggi.it\/website\/2023\/10\/02\/migranti-schlein-le-leggi-della-destra-producono-caos\/","title":{"rendered":"Migranti, Schlein \u201cLe leggi della destra producono caos\u201d"},"content":{"rendered":"<div>ROMA (ITALPRESS) &#8211; &#8220;Giorgia Meloni la smetta di alimentare lo scontro istituzionale che danneggia il Paese. La smettano di cercare un nemico al giorno per nascondere le proprie responsabilit\u00e0. Se cercano responsabili del disastro sull&#8217;accoglienza si guardino allo specchio: \u00e8 la destra che scrive leggi palesemente incostituzionali e poi se la prende con i giudici che fanno il loro lavoro. E&#8217; la destra che ha messo la firma su tutte le leggi che hanno prodotto questo caos, come la Bossi-Fini che alimenta l&#8217;irregolarit\u00e0, \u00e8 sempre la destra che non ha mai contrastato il regolamento Dublino lasciando l&#8217;Italia pi\u00f9 sola, per allearsi con Polonia e Ungheria che di solidariet\u00e0 non ne vogliono sapere&#8221;. Lo afferma in una nota la segretaria del Pd Elly Schlein.<div id=\"div-gpt-ad-Messinaoggi.it-DSK-300x250-corpoart\" style=\"text-align:center;margin:0 auto;\"><\/div><\/p>\n<p>&#8211; foto: Agenzia Fotogramma &#8211;<div id=\"videoincontent\" style=\"clear:both\";><\/div><\/p>\n<p>(ITALPRESS).<\/p><\/div>\n","protected":false},"excerpt":{"rendered":"<p>ROMA (ITALPRESS) &#8211; &#8220;Giorgia Meloni la smetta di alimentare lo scontro istituzionale che danneggia il Paese. La smettano di cercare un nemico al giorno per nascondere le proprie responsabilit\u00e0. Se cercano responsabili del disastro sull&#8217;accoglienza si guardino allo specchio: \u00e8 la destra che scrive leggi palesemente incostituzionali e poi se la prende con i giudici [&hellip;]<\/p>\n","protected":false},"author":18,"featured_media":171148,"comment_status":"closed","ping_status":"closed","sticky":false,"template":"","format":"standard","meta":{"ub_ctt_via":"","_mi_skip_tracking":false},"categories":[446],"tags":[783],"featured_image_src":"https:\/\/www.messinaoggi.it\/website\/wp-content\/uploads\/2023\/10\/20231002_0675.jpg","author_info":{"display_name":"Admin","author_link":"https:\/\/www.messinaoggi.it\/website\/author\/admin\/"},"digistream_id":0,"digistream":false,"_links":{"self":[{"href":"https:\/\/www.messinaoggi.it\/website\/wp-json\/wp\/v2\/posts\/171147"}],"collection":[{"href":"https:\/\/www.messinaoggi.it\/website\/wp-json\/wp\/v2\/posts"}],"about":[{"href":"https:\/\/www.messinaoggi.it\/website\/wp-json\/wp\/v2\/types\/post"}],"author":[{"embeddable":true,"href":"https:\/\/www.messinaoggi.it\/website\/wp-json\/wp\/v2\/users\/18"}],"replies":[{"embeddable":true,"href":"https:\/\/www.messinaoggi.it\/website\/wp-json\/wp\/v2\/comments?post=171147"}],"version-history":[{"count":0,"href":"https:\/\/www.messinaoggi.it\/website\/wp-json\/wp\/v2\/posts\/171147\/revisions"}],"wp:featuredmedia":[{"embeddable":true,"href":"https:\/\/www.messinaoggi.it\/website\/wp-json\/wp\/v2\/media\/171148"}],"wp:attachment":[{"href":"https:\/\/www.messinaoggi.it\/website\/wp-json\/wp\/v2\/media?parent=171147"}],"wp:term":[{"taxonomy":"category","embeddable":true,"href":"https:\/\/www.messinaoggi.it\/website\/wp-json\/wp\/v2\/categories?post=171147"},{"taxonomy":"post_tag","embeddable":true,"href":"https:\/\/www.messinaoggi.it\/website\/wp-json\/wp\/v2\/tags?post=171147"}],"curies":[{"name":"wp","href":"https:\/\/api.w.org\/{rel}","templated":true}]}}