{"id":171085,"date":"2023-10-01T18:53:17","date_gmt":"2023-10-01T16:53:17","guid":{"rendered":"http:\/\/www.messinaoggi.it\/website\/?p=171085"},"modified":"2023-10-01T20:46:54","modified_gmt":"2023-10-01T18:46:54","slug":"modica-vittoria-della-sofferenza-pazienza-delusi-ma-da-vertice","status":"publish","type":"post","link":"https:\/\/www.messinaoggi.it\/website\/2023\/10\/01\/modica-vittoria-della-sofferenza-pazienza-delusi-ma-da-vertice\/","title":{"rendered":"Modica: &#8220;Vittoria della sofferenza&#8221;, Pazienza: &#8220;delusi ma da vertice&#8221;"},"content":{"rendered":"\n<p>Mister <strong>Giacomo Modica<\/strong> ha raggiunto i giornalisti in sala stampa, dopo la vittoria riportata con cinismo al Franco Scoglio contro l&#8217;Avellino. Con loro ha analizzato la gara.<div id=\"div-gpt-ad-Messinaoggi.it-DSK-300x250-corpoart\" style=\"text-align:center;margin:0 auto;\"><\/div><\/p>\n\n\n\n<p>&#8220;In questo momento siamo felici per il risultato, ma non per il primo tempo. I ragazzi hanno dimostrato quanto valevano, ma fossero andati in vantaggio gli avversari non avrebbero rubato nulla. Comunque siamo andati bene nel complesso nei 90 minuti. Con questo risultato adesso lavoreremo pi\u00f9 serenamente, abbiamo battuto una grande squadra. \u00c8 una vittoria della sofferenza. C&#8217;\u00e8 ancora sofferenza in qualche reparto, come la catena di sinistra, c&#8217;\u00e8 ancora da lavorare. C&#8217;\u00e8 stata poca qualit\u00e0 nelle chiusure. Ma mi piace la squadra e il modo in cui si impegna. Siamo stati bravi nelle ripartenze, 4 nel primo tempo, potevano essere 4 gol. \u00c8 stata migliore la risposta data nel secondo tempo con il pacchetto difensivo che si \u00e8 mosso in armonia attaccando la palla in avanti&#8221;.<div id=\"videoincontent\" style=\"clear:both\";><\/div><\/p>\n\n\n\n<p>Su <strong>Vincenzo Plescia<\/strong>, autore del gol vittoria e uno dei migliori in campo, ha detto: &#8220;Doveva uscire lui ed entrare Luciani ma non \u00e8 stato possibile.  Vincenzo si applica tantissimo, \u00e8 venuto qui con umilt\u00e0 e disponibilit\u00e0 ed \u00e8 adesso in buona condizione dopo settimane di allenamento. \u00c8 un giocatore che fa salire la squadra e sta facendo vedere di che pasta \u00e8 fatto. Si sta rifacendo rispetto al recente passato, stiamo ridando vita ad un giocatore che si era perduto&#8221;. <\/p>\n\n\n\n<figure class=\"wp-block-image size-large is-resized\"><img loading=\"lazy\" src=\"http:\/\/www.messinaoggi.it\/website\/wp-content\/uploads\/2023\/10\/IMG-20231001-WA0018-1024x768.jpg\" alt=\"\" class=\"wp-image-171092\" width=\"578\" height=\"433\" srcset=\"https:\/\/www.messinaoggi.it\/website\/wp-content\/uploads\/2023\/10\/IMG-20231001-WA0018-1024x768.jpg 1024w, https:\/\/www.messinaoggi.it\/website\/wp-content\/uploads\/2023\/10\/IMG-20231001-WA0018-300x225.jpg 300w, https:\/\/www.messinaoggi.it\/website\/wp-content\/uploads\/2023\/10\/IMG-20231001-WA0018-768x576.jpg 768w, https:\/\/www.messinaoggi.it\/website\/wp-content\/uploads\/2023\/10\/IMG-20231001-WA0018-1536x1152.jpg 1536w, https:\/\/www.messinaoggi.it\/website\/wp-content\/uploads\/2023\/10\/IMG-20231001-WA0018.jpg 2000w\" sizes=\"(max-width: 578px) 100vw, 578px\" \/><figcaption>Mister Giacomo Modica<\/figcaption><\/figure>\n\n\n\n<p>Ha anche parlato di <strong>Fumagalli<\/strong>, il portiere peloritano premiato dai giornalisti come migliore in campo: &#8220;Qualcosa di buono ha fatto pure Ermanno e lo abbiamo per questo&#8221;. <\/p>\n\n\n\n<p>E poi dell&#8217;episodio poco chiaro dell&#8217;espulsione di Polito e Benedetti, difendendo il suo giocatore. &#8220;Polito non ha fatto nulla, mi ha detto cos\u00ec e gli credo&#8221;.<\/p>\n\n\n\n<p>Infine qualche parola sul Capitano <strong>Nino Ragusa<\/strong>, che ancora ha giocato pochi minuti. &#8220;Sto cercando di portare in condizione Ragusa piano piano, non \u00e8 ancora nelle migliori. Gli mancano i 90 minuti&#8221;.<\/p>\n\n\n\n<p>Ha detto la sua anche <strong>Michele Pazienza<\/strong>, tecnico dei campani, che ha parlato di una buona partenza dei suoi&#8230; &#8220;Abbiamo forse un dubbio per un rigore. La squadra non si \u00e8 fermata nemmeno dopo il gol. Il Messina nel secondo tempo ha abbassato il baricentro e ci ha tolto profondit\u00e0. Siamo delusi per il risultato, dobbiamo lavorare sulle palle inattive dove abbiamo preso gol, ma ripartiremo da qui.\u00c8 stata un&#8217;ingenuit\u00e0 di Benedetti l&#8217;espulsione. Il Messina ha portato il finale di partita su questo tipo di situazioni, noi dobbiamo avere l&#8217;esperienza di non farci trovare impreparati in questi casi in questa categoria cos\u00ec importante&#8221;.<\/p>\n\n\n\n<p>&#8220;Certo, &#8211; conferma &#8211; l&#8217;Avellino \u00e8 stato costruito per ambire ai vertici e stiamo iniziando a costruire un percorso per andare in questa direzione. C&#8217;\u00e8 tanto ancora da fare, ma andiamo in quella direzione&#8221;. <\/p>\n\n\n\n<p><strong>Michele Bruno.<\/strong><\/p>\n","protected":false},"excerpt":{"rendered":"<p>Mister Giacomo Modica ha raggiunto i giornalisti in sala stampa, dopo la vittoria riportata con cinismo al Franco Scoglio contro l&#8217;Avellino. Con loro ha analizzato la gara. &#8220;In questo momento siamo felici per il risultato, ma non per il primo tempo. I ragazzi hanno dimostrato quanto valevano, ma fossero andati in vantaggio gli avversari non [&hellip;]<\/p>\n","protected":false},"author":123457,"featured_media":171094,"comment_status":"open","ping_status":"open","sticky":false,"template":"","format":"standard","meta":{"ub_ctt_via":"","_mi_skip_tracking":false},"categories":[10,6,9],"tags":[24,6810,6807,6806,3464,8287,8787],"featured_image_src":"https:\/\/www.messinaoggi.it\/website\/wp-content\/uploads\/2023\/10\/IMG-20231001-WA0021.jpg","author_info":{"display_name":"Michele Bruno","author_link":"https:\/\/www.messinaoggi.it\/website\/author\/michele-bruno\/"},"digistream_id":0,"digistream":false,"_links":{"self":[{"href":"https:\/\/www.messinaoggi.it\/website\/wp-json\/wp\/v2\/posts\/171085"}],"collection":[{"href":"https:\/\/www.messinaoggi.it\/website\/wp-json\/wp\/v2\/posts"}],"about":[{"href":"https:\/\/www.messinaoggi.it\/website\/wp-json\/wp\/v2\/types\/post"}],"author":[{"embeddable":true,"href":"https:\/\/www.messinaoggi.it\/website\/wp-json\/wp\/v2\/users\/123457"}],"replies":[{"embeddable":true,"href":"https:\/\/www.messinaoggi.it\/website\/wp-json\/wp\/v2\/comments?post=171085"}],"version-history":[{"count":8,"href":"https:\/\/www.messinaoggi.it\/website\/wp-json\/wp\/v2\/posts\/171085\/revisions"}],"predecessor-version":[{"id":171097,"href":"https:\/\/www.messinaoggi.it\/website\/wp-json\/wp\/v2\/posts\/171085\/revisions\/171097"}],"wp:featuredmedia":[{"embeddable":true,"href":"https:\/\/www.messinaoggi.it\/website\/wp-json\/wp\/v2\/media\/171094"}],"wp:attachment":[{"href":"https:\/\/www.messinaoggi.it\/website\/wp-json\/wp\/v2\/media?parent=171085"}],"wp:term":[{"taxonomy":"category","embeddable":true,"href":"https:\/\/www.messinaoggi.it\/website\/wp-json\/wp\/v2\/categories?post=171085"},{"taxonomy":"post_tag","embeddable":true,"href":"https:\/\/www.messinaoggi.it\/website\/wp-json\/wp\/v2\/tags?post=171085"}],"curies":[{"name":"wp","href":"https:\/\/api.w.org\/{rel}","templated":true}]}}