{"id":171040,"date":"2023-10-01T10:08:07","date_gmt":"2023-10-01T08:08:07","guid":{"rendered":"https:\/\/www.messinaoggi.it\/website\/2023\/10\/01\/motogp-in-giappone-vince-martin-dopo-la-bandiera-rossa-per-la-pioggia\/"},"modified":"2023-10-01T10:08:07","modified_gmt":"2023-10-01T08:08:07","slug":"motogp-in-giappone-vince-martin-dopo-la-bandiera-rossa-per-la-pioggia","status":"publish","type":"post","link":"https:\/\/www.messinaoggi.it\/website\/2023\/10\/01\/motogp-in-giappone-vince-martin-dopo-la-bandiera-rossa-per-la-pioggia\/","title":{"rendered":"Motogp, in Giappone vince Martin dopo la bandiera rossa per la pioggia"},"content":{"rendered":"<div>MOTEGI (GIAPPONE) (ITALPRESS) &#8211; Si conclude a 12 giri dalla fine il Gran Premio del Giappone di Motogp. Il vincitore \u00e8 Jorge Martin che era in testa al momento della bandiera rossa davanti a Pecco Bagnaia (Ducati) e Marc Marquez (Honda). La direzione della corsa aveva inizialmente deciso per il ritorno dei piloti in pista ma la pioggia sempre battente e l&#8217;oscurit\u00e0 lo hanno impedito. Il Gran Premio \u00e8 stato quindi definitivamente fermato ma ai piloti \u00e8 stato assegnato il punteggio pieno avendo percorso poco pi\u00f9 della met\u00e0 della gara. Fuori dal podio al quarto posto Marco Bezzecchi (Ducati Mooney) e a seguire: Aleix Espargar\u00f2 (Aprilia), Jack Miller (Ktm), Augusto Fernandez (Ktm), Fabio Di Giannantonio (Ducati) e Raul Fernandez (Aprilia). Con questo successo Martin si porta a sole 3 lunghezze da Bagnaia nel Mondiale piloti.<div id=\"div-gpt-ad-Messinaoggi.it-DSK-300x250-corpoart\" style=\"text-align:center;margin:0 auto;\"><\/div><\/p>\n<p>&#8211; foto: LivePhotoSport &#8211; <div id=\"videoincontent\" style=\"clear:both\";><\/div><\/p>\n<p>(ITALPRESS).<\/p><\/div>\n","protected":false},"excerpt":{"rendered":"<p>MOTEGI (GIAPPONE) (ITALPRESS) &#8211; Si conclude a 12 giri dalla fine il Gran Premio del Giappone di Motogp. Il vincitore \u00e8 Jorge Martin che era in testa al momento della bandiera rossa davanti a Pecco Bagnaia (Ducati) e Marc Marquez (Honda). La direzione della corsa aveva inizialmente deciso per il ritorno dei piloti in pista [&hellip;]<\/p>\n","protected":false},"author":18,"featured_media":171041,"comment_status":"closed","ping_status":"closed","sticky":false,"template":"","format":"standard","meta":{"ub_ctt_via":"","_mi_skip_tracking":false},"categories":[446],"tags":[783],"featured_image_src":"https:\/\/www.messinaoggi.it\/website\/wp-content\/uploads\/2023\/10\/20231001_0117.jpg","author_info":{"display_name":"Admin","author_link":"https:\/\/www.messinaoggi.it\/website\/author\/admin\/"},"digistream_id":0,"digistream":false,"_links":{"self":[{"href":"https:\/\/www.messinaoggi.it\/website\/wp-json\/wp\/v2\/posts\/171040"}],"collection":[{"href":"https:\/\/www.messinaoggi.it\/website\/wp-json\/wp\/v2\/posts"}],"about":[{"href":"https:\/\/www.messinaoggi.it\/website\/wp-json\/wp\/v2\/types\/post"}],"author":[{"embeddable":true,"href":"https:\/\/www.messinaoggi.it\/website\/wp-json\/wp\/v2\/users\/18"}],"replies":[{"embeddable":true,"href":"https:\/\/www.messinaoggi.it\/website\/wp-json\/wp\/v2\/comments?post=171040"}],"version-history":[{"count":0,"href":"https:\/\/www.messinaoggi.it\/website\/wp-json\/wp\/v2\/posts\/171040\/revisions"}],"wp:featuredmedia":[{"embeddable":true,"href":"https:\/\/www.messinaoggi.it\/website\/wp-json\/wp\/v2\/media\/171041"}],"wp:attachment":[{"href":"https:\/\/www.messinaoggi.it\/website\/wp-json\/wp\/v2\/media?parent=171040"}],"wp:term":[{"taxonomy":"category","embeddable":true,"href":"https:\/\/www.messinaoggi.it\/website\/wp-json\/wp\/v2\/categories?post=171040"},{"taxonomy":"post_tag","embeddable":true,"href":"https:\/\/www.messinaoggi.it\/website\/wp-json\/wp\/v2\/tags?post=171040"}],"curies":[{"name":"wp","href":"https:\/\/api.w.org\/{rel}","templated":true}]}}