{"id":171038,"date":"2023-10-01T10:08:05","date_gmt":"2023-10-01T08:08:05","guid":{"rendered":"https:\/\/www.messinaoggi.it\/website\/2023\/10\/01\/mattarella-barriere-architettoniche-ledono-dignita-intera-societa\/"},"modified":"2023-10-01T10:08:05","modified_gmt":"2023-10-01T08:08:05","slug":"mattarella-barriere-architettoniche-ledono-dignita-intera-societa","status":"publish","type":"post","link":"https:\/\/www.messinaoggi.it\/website\/2023\/10\/01\/mattarella-barriere-architettoniche-ledono-dignita-intera-societa\/","title":{"rendered":"Mattarella \u201cBarriere architettoniche ledono dignit\u00e0 intera societ\u00e0\u201d"},"content":{"rendered":"<div>ROMA (ITALPRESS) &#8211; &#8220;Le barriere architettoniche impediscono l&#8217;esercizio dei normali diritti a intere categorie di cittadini e la Giornata Nazionale per il loro Abbattimento \u00e8 stata istituita con l&#8217;intento di accrescere la consapevolezza di come questi ostacoli siano nocivi per l&#8217;intera societ\u00e0. La loro persistenza si traduce in una lesione della dignit\u00e0 di ogni persona, di tutte le persone. Nessuno deve pi\u00f9 essere messo nella condizione di dover rinunciare ad andare a scuola o al lavoro, a partecipare a un concerto o a una manifestazione solo perch\u00e8 non sono previsti strumenti appropriati di accesso o per la presenza di comportamenti aggressivi e discriminatori nei confronti dei portatori di disabilit\u00e0&#8221;. Lo dice il Presidente della Repubblica, Sergio Mattarella, in occasione della Giornata nazionale per l&#8217;abbattimento delle barriere architettoniche. &#8220;Occorre un impegno rinnovato e permanente nella progettazione, nell&#8217;adeguamento e nella gestione degli spazi affinch\u00e8 le azioni della Pubblica Amministrazione e degli operatori privati siano improntate oltre che, naturalmente, al rispetto delle normative esistenti, a principi di solidariet\u00e0 e responsabilit\u00e0, nella consapevolezza che solo affrontando e vivendo il problema nella sua dimensione comunitaria, sar\u00e0 possibile apportare benefici a tutti&#8221; aggiunge il Capo dello Stato.(ITALPRESS).<div id=\"div-gpt-ad-Messinaoggi.it-DSK-300x250-corpoart\" style=\"text-align:center;margin:0 auto;\"><\/div><\/p>\n<p>Foto: Agenzia Fotogramma<div id=\"videoincontent\" style=\"clear:both\";><\/div><\/p><\/div>\n","protected":false},"excerpt":{"rendered":"<p>ROMA (ITALPRESS) &#8211; &#8220;Le barriere architettoniche impediscono l&#8217;esercizio dei normali diritti a intere categorie di cittadini e la Giornata Nazionale per il loro Abbattimento \u00e8 stata istituita con l&#8217;intento di accrescere la consapevolezza di come questi ostacoli siano nocivi per l&#8217;intera societ\u00e0. La loro persistenza si traduce in una lesione della dignit\u00e0 di ogni persona, [&hellip;]<\/p>\n","protected":false},"author":18,"featured_media":171039,"comment_status":"closed","ping_status":"closed","sticky":false,"template":"","format":"standard","meta":{"ub_ctt_via":"","_mi_skip_tracking":false},"categories":[446],"tags":[783],"featured_image_src":"https:\/\/www.messinaoggi.it\/website\/wp-content\/uploads\/2023\/10\/20231001_0109.jpg","author_info":{"display_name":"Admin","author_link":"https:\/\/www.messinaoggi.it\/website\/author\/admin\/"},"digistream_id":0,"digistream":false,"_links":{"self":[{"href":"https:\/\/www.messinaoggi.it\/website\/wp-json\/wp\/v2\/posts\/171038"}],"collection":[{"href":"https:\/\/www.messinaoggi.it\/website\/wp-json\/wp\/v2\/posts"}],"about":[{"href":"https:\/\/www.messinaoggi.it\/website\/wp-json\/wp\/v2\/types\/post"}],"author":[{"embeddable":true,"href":"https:\/\/www.messinaoggi.it\/website\/wp-json\/wp\/v2\/users\/18"}],"replies":[{"embeddable":true,"href":"https:\/\/www.messinaoggi.it\/website\/wp-json\/wp\/v2\/comments?post=171038"}],"version-history":[{"count":0,"href":"https:\/\/www.messinaoggi.it\/website\/wp-json\/wp\/v2\/posts\/171038\/revisions"}],"wp:featuredmedia":[{"embeddable":true,"href":"https:\/\/www.messinaoggi.it\/website\/wp-json\/wp\/v2\/media\/171039"}],"wp:attachment":[{"href":"https:\/\/www.messinaoggi.it\/website\/wp-json\/wp\/v2\/media?parent=171038"}],"wp:term":[{"taxonomy":"category","embeddable":true,"href":"https:\/\/www.messinaoggi.it\/website\/wp-json\/wp\/v2\/categories?post=171038"},{"taxonomy":"post_tag","embeddable":true,"href":"https:\/\/www.messinaoggi.it\/website\/wp-json\/wp\/v2\/tags?post=171038"}],"curies":[{"name":"wp","href":"https:\/\/api.w.org\/{rel}","templated":true}]}}