{"id":171023,"date":"2023-10-01T08:33:01","date_gmt":"2023-10-01T06:33:01","guid":{"rendered":"https:\/\/www.messinaoggi.it\/website\/2023\/10\/01\/sicilia-schifani-la-burocrazia-non-ci-freni-recuperare-i-ritardi\/"},"modified":"2023-10-01T20:47:31","modified_gmt":"2023-10-01T18:47:31","slug":"sicilia-schifani-la-burocrazia-non-ci-freni-recuperare-i-ritardi","status":"publish","type":"post","link":"https:\/\/www.messinaoggi.it\/website\/2023\/10\/01\/sicilia-schifani-la-burocrazia-non-ci-freni-recuperare-i-ritardi\/","title":{"rendered":"Sicilia, Schifani \u201cLa burocrazia non ci freni, recuperare i ritardi\u201d"},"content":{"rendered":"<div>\n<p>PALERMO (ITALPRESS) \u2013 \u201cForza Italia non sar\u00e0 a trazione nordista, sar\u00e0 a trazione nazionale grazie alle modifiche che porteranno all\u2019elezione di quattro vicepresidenti e la Sicilia avr\u00e0 il suo giusto peso\u201d. Lo dice il presidente della Regione Sicilia ed esponente di spicco di Forza Italia, Renato Schifani, in un\u2019intervista a Repubblica. Schifani, dopo aver giudicato \u201cottimi come sempre, di cordialit\u00e0 e rispetto\u201d i suoi rapporti con l\u2019attuale numero uno del partito Antonio Tajani, aver rivelato di sentirsi ogni tanto con Paolo Berlusconi (\u201ccon Marina meno, con lui ho un ottimo rapporto, molto cordiale e gradevole\u201d) e dimostrato una sorta di indifferenza nei confronti di Miccich\u00e8 \u201cIo non l\u2019ho incontrato, non \u00e8 iscritto al nostro gruppo all\u2019Ars. Forse ha ancora la tessera di Forza Italia e partecipa come iscritto al partito\u201d, ha chiarito anche i suoi rapporti con Tot\u00f2 Cuffaro: \u201cCon Cuffaro ci conosciamo da pi\u00f9 di 20 anni, abbiamo entrambi una formazione politica moderata anche se lui ha iniziato a fare politica molto prima. Ha avuto momenti difficili durante i quali io non l\u2019ho mai rinnegato come amico. Ha espiato la sua pena con dignit\u00e0 ed \u00e8 tornato in politica come \u00e8 consentito a tutti i cittadini e sta ottenendo grandi consensi. Ma l\u2019alleanza politica non \u00e8 fra Schifani e Cuffaro, c\u2019\u00e8 una mia proposta politica che Tajani ha apprezzato per trasformare il partito da leaderistico in pluralistico. Quindi di raccogliere in Forza Italia per le Europee tutti i partiti che si riconoscono nei valori del partito popolare europeo. In Sicilia c\u2019\u00e8 Cuffaro  ma anche Lombardo, in Liguria ci sono Toti e Scajola ma potrei continuare all\u2019infinito\u201d. Schifani ha inoltre ribadito il suo appello nei confronti della burocrazia. \u201cA dicembre 2022, a un anno dalla scadenza del periodo 2014-20 erano stati spesi solo 2 miliardi e se ne dovevano spendere altrettanti in un anno. Abbiamo fatto i salti mortali, abbiamo rinegoziato un nuovo programma. Ho riunito i direttori con 8 giorni di preavviso per fare un punto e superare le criticit\u00e0, per aiutarli se c\u2019erano problemi da risolvere. Cos\u00ec non nego di essere rimasto molto amareggiato per alcune assenze non preannunciate. Poi gli assenti si sono giustificati ma per me in alcuni casi la forma \u00e8 sostanza. Spero che anche chi era assente riesca a recuperare i ritardi\u201d. Sempre sui cosiddetti \u201cburocrati\u201d: \u201cL\u2019organico \u00e8 sottodimensionato e i dirigenti fanno il massimo possibile. Per fortuna fra qualche giorno firmando il nuovo patto con il governo nazionale si allargher\u00e0 un p\u00f2 la stretta e potremo far partire i concorsi. Per il resto io non faccio nessuna guerra politica ai dirigenti ma pretendo che, come prevede la legge Bassanini, esercitino i poteri decisionali che spettano alla burocrazia invece di rallentarli o non esercitarli\u201d. Infine, a proposito di possibili dissidi con la Chiesa, Schifani spiega: \u201cChi conosce la mia vita pubblica sa i rapporti di rispetto che ho avuto con i cardinali Bertone, Ruini, Bagnasco, Fisichella. Pensare che io volessi polemizzare con il mondo della Chiesa \u00e8 fuori di logica. Quel giorno mentre correvamo tutti per combattere gli incendi mi \u00e8 sembrato inopportuno che il vescovo, in quelle ore delicate, stimolasse i cittadini alla protesta\u201d.(ITALPRESS).<div id=\"div-gpt-ad-Messinaoggi.it-DSK-300x250-corpoart\" style=\"text-align:center;margin:0 auto;\"><\/div><\/p>\n<p>Foto: Agenzia Fotogramma<div id=\"videoincontent\" style=\"clear:both\";><\/div><\/p>\n<\/div>\n","protected":false},"excerpt":{"rendered":"<p>PALERMO (ITALPRESS) \u2013 \u201cForza Italia non sar\u00e0 a trazione nordista, sar\u00e0 a trazione nazionale grazie alle modifiche che porteranno all\u2019elezione di quattro vicepresidenti e la Sicilia avr\u00e0 il suo giusto peso\u201d. Lo dice il presidente della Regione Sicilia ed esponente di spicco di Forza Italia, Renato Schifani, in un\u2019intervista a Repubblica. Schifani, dopo aver giudicato [&hellip;]<\/p>\n","protected":false},"author":18,"featured_media":0,"comment_status":"closed","ping_status":"closed","sticky":false,"template":"","format":"standard","meta":{"ub_ctt_via":"","_mi_skip_tracking":false},"categories":[11,2449],"tags":[783],"featured_image_src":null,"author_info":{"display_name":"Admin","author_link":"https:\/\/www.messinaoggi.it\/website\/author\/admin\/"},"digistream_id":0,"digistream":false,"_links":{"self":[{"href":"https:\/\/www.messinaoggi.it\/website\/wp-json\/wp\/v2\/posts\/171023"}],"collection":[{"href":"https:\/\/www.messinaoggi.it\/website\/wp-json\/wp\/v2\/posts"}],"about":[{"href":"https:\/\/www.messinaoggi.it\/website\/wp-json\/wp\/v2\/types\/post"}],"author":[{"embeddable":true,"href":"https:\/\/www.messinaoggi.it\/website\/wp-json\/wp\/v2\/users\/18"}],"replies":[{"embeddable":true,"href":"https:\/\/www.messinaoggi.it\/website\/wp-json\/wp\/v2\/comments?post=171023"}],"version-history":[{"count":1,"href":"https:\/\/www.messinaoggi.it\/website\/wp-json\/wp\/v2\/posts\/171023\/revisions"}],"predecessor-version":[{"id":171101,"href":"https:\/\/www.messinaoggi.it\/website\/wp-json\/wp\/v2\/posts\/171023\/revisions\/171101"}],"wp:attachment":[{"href":"https:\/\/www.messinaoggi.it\/website\/wp-json\/wp\/v2\/media?parent=171023"}],"wp:term":[{"taxonomy":"category","embeddable":true,"href":"https:\/\/www.messinaoggi.it\/website\/wp-json\/wp\/v2\/categories?post=171023"},{"taxonomy":"post_tag","embeddable":true,"href":"https:\/\/www.messinaoggi.it\/website\/wp-json\/wp\/v2\/tags?post=171023"}],"curies":[{"name":"wp","href":"https:\/\/api.w.org\/{rel}","templated":true}]}}