{"id":171018,"date":"2023-10-01T07:10:51","date_gmt":"2023-10-01T05:10:51","guid":{"rendered":"http:\/\/www.messinaoggi.it\/website\/?p=171018"},"modified":"2023-10-01T00:21:39","modified_gmt":"2023-09-30T22:21:39","slug":"ponte-germana-consegnato-progetto-aggiornato-e-2-miliardi-entro-lestate","status":"publish","type":"post","link":"https:\/\/www.messinaoggi.it\/website\/2023\/10\/01\/ponte-germana-consegnato-progetto-aggiornato-e-2-miliardi-entro-lestate\/","title":{"rendered":"Ponte, German\u00e0: &#8220;Consegnato progetto aggiornato e 2 miliardi entro l&#8217;estate&#8221;"},"content":{"rendered":"\n<p>Dopo i dubbi sollevati dalle opposizioni circa l&#8217;effettiva partenza dei lavori relativi al Ponte sullo Stretto per la mancanza dei fondi nella prossima legge di bilancio, se non addirittura del vero e proprio progetto definitivo, il senatore leghista nonch\u00e9 segretario in Commissione Trasporti Nino German\u00e0 rassicura che i lavori del Ponte inizieranno entro l&#8217;estate del prossimo anno, cos\u00ec come da cronoprogramma.<div id=\"div-gpt-ad-Messinaoggi.it-DSK-300x250-corpoart\" style=\"text-align:center;margin:0 auto;\"><\/div><\/p>\n\n\n\n<p>\u201cMentre qualcuno di sinistra, un paio di comitati e i soliti personaggi di una vecchia politica si accaniscono per denigrare il Ponte sullo Stretto di Messina e il ministro Matteo Salvini che molto sta facendo per la sua realizzazione, noi portiamo a casa un nuovo importantissimo risultato. &#8211; dichiara German\u00e0 &#8211; Con la consegna di oggi dell&#8217;aggiornamento del progetto definitivo dell\u2019opera, si schiaccia infatti l\u2019acceleratore: i primi cantieri gi\u00e0 nell&#8217;estate del prossimo anno e circa 2 miliardi di euro. <div id=\"videoincontent\" style=\"clear:both\";><\/div><\/p>\n\n\n\n<p>&#8220;La Lega \u00e8 per lo sviluppo del Paese; nuove infrastrutture come il Ponte vanno esattamente in questa direzione, con buona pace di chi vorrebbe l\u2019Italia senza crescita e futuro\u201d.<\/p>\n","protected":false},"excerpt":{"rendered":"<p>Dopo i dubbi sollevati dalle opposizioni circa l&#8217;effettiva partenza dei lavori relativi al Ponte sullo Stretto per la mancanza dei fondi nella prossima legge di bilancio, se non addirittura del vero e proprio progetto definitivo, il senatore leghista nonch\u00e9 segretario in Commissione Trasporti Nino German\u00e0 rassicura che i lavori del Ponte inizieranno entro l&#8217;estate del [&hellip;]<\/p>\n","protected":false},"author":8,"featured_media":158816,"comment_status":"open","ping_status":"open","sticky":false,"template":"","format":"standard","meta":{"ub_ctt_via":"","_mi_skip_tracking":false},"categories":[7567],"tags":[1872,1082,630],"featured_image_src":"https:\/\/www.messinaoggi.it\/website\/wp-content\/uploads\/2023\/06\/0-1-3.jpg","author_info":{"display_name":"red..me","author_link":"https:\/\/www.messinaoggi.it\/website\/author\/redstage\/"},"digistream_id":0,"digistream":false,"_links":{"self":[{"href":"https:\/\/www.messinaoggi.it\/website\/wp-json\/wp\/v2\/posts\/171018"}],"collection":[{"href":"https:\/\/www.messinaoggi.it\/website\/wp-json\/wp\/v2\/posts"}],"about":[{"href":"https:\/\/www.messinaoggi.it\/website\/wp-json\/wp\/v2\/types\/post"}],"author":[{"embeddable":true,"href":"https:\/\/www.messinaoggi.it\/website\/wp-json\/wp\/v2\/users\/8"}],"replies":[{"embeddable":true,"href":"https:\/\/www.messinaoggi.it\/website\/wp-json\/wp\/v2\/comments?post=171018"}],"version-history":[{"count":1,"href":"https:\/\/www.messinaoggi.it\/website\/wp-json\/wp\/v2\/posts\/171018\/revisions"}],"predecessor-version":[{"id":171019,"href":"https:\/\/www.messinaoggi.it\/website\/wp-json\/wp\/v2\/posts\/171018\/revisions\/171019"}],"wp:featuredmedia":[{"embeddable":true,"href":"https:\/\/www.messinaoggi.it\/website\/wp-json\/wp\/v2\/media\/158816"}],"wp:attachment":[{"href":"https:\/\/www.messinaoggi.it\/website\/wp-json\/wp\/v2\/media?parent=171018"}],"wp:term":[{"taxonomy":"category","embeddable":true,"href":"https:\/\/www.messinaoggi.it\/website\/wp-json\/wp\/v2\/categories?post=171018"},{"taxonomy":"post_tag","embeddable":true,"href":"https:\/\/www.messinaoggi.it\/website\/wp-json\/wp\/v2\/tags?post=171018"}],"curies":[{"name":"wp","href":"https:\/\/api.w.org\/{rel}","templated":true}]}}