{"id":170980,"date":"2023-09-30T16:08:10","date_gmt":"2023-09-30T14:08:10","guid":{"rendered":"https:\/\/www.messinaoggi.it\/website\/2023\/09\/30\/mourinho-non-ci-sta-non-sono-il-problema-della-roma\/"},"modified":"2023-09-30T16:08:10","modified_gmt":"2023-09-30T14:08:10","slug":"mourinho-non-ci-sta-non-sono-il-problema-della-roma","status":"publish","type":"post","link":"https:\/\/www.messinaoggi.it\/website\/2023\/09\/30\/mourinho-non-ci-sta-non-sono-il-problema-della-roma\/","title":{"rendered":"Mourinho non ci sta \u201cNon sono il problema della Roma\u201d"},"content":{"rendered":"<div>ROMA (ITALPRESS) &#8211; &#8220;Tre mesi fa c&#8217;era quasi un dramma a pensare che io potessi andare via, a Budapest ho detto a tutti che sarei rimasto. Dopo tre giorni, contro lo Spezia, l&#8217;ho detto anche ai tifosi. In estate ho avuto la pi\u00f9 importante offerta che un allenatore abbia mai avuto nella storia del calcio e l&#8217;ho rifiutata per la parola data a tutti. Tre mesi dopo sembra che io sia un problema e questo non lo accetto. Non sono un problema&#8221;. Sono queste le parole di Jos\u00e8 Mourinho, allenatore della Roma, durante la conferenza stampa che precede la sfida dell&#8217;Olimpico con il Frosinone sulle critiche ricevute per l&#8217;avvio di stagione deludente. &#8220;Non ho paura dei fischi, se mi vogliono trovare mi trovano a Trigoria, la mia vita \u00e8 qua. Io e i miei giocatori domani saremo li in campo a prenderci la responsabilit\u00e0 di quello che succeder\u00e0, l&#8217;unica cosa che pensiamo \u00e8 di vincere domani&#8221;, sottolinea lo Special One. &#8220;Se mi offrissero il rinnovo ora lo firmerei? Non mi piace parlare di situazioni ipotetiche. Non \u00e8 successo quindi non posso rispondere. Io la mia parola la mantengo, sar\u00f2 qui fino al 30 giugno 2024 per giocatori, tifosi e societ\u00e0. Solo una persona pu\u00f2 dirmi che \u00e8 finita ed \u00e8 Friedkin. Se non mi caccia io rimango qui, sia in scadenza che con 10 anni di contratto&#8221;. Sulla partita dell&#8217;Olimpico contro il Frosinone dell&#8217;ex Di Francesco: &#8220;Vogliamo e dobbiamo vincere, senza cercare alcun tipo di alibi. Dobbiamo avere il coraggio di entrare in campo, ci sar\u00e0 reazione di romanismo da parte del pubblico che pu\u00f2 essere l&#8217;appoggio del pubblico o di scontento, dobbiamo avere rispetto per questa manifestazione e avere il coraggio di giocare contro una buona squadra che sta psicologicamente bene. Siamo consapevoli che sar\u00e0 una partita difficile perch\u00e8 sappiamo che avremo pressione extra. Abbiamo avuto due giorni per recuperare, non c&#8217;\u00e8 niente di pi\u00f9 da fare che avere coraggio. Dobbiamo giocarla al massimo&#8221;, termina Mourinho.<br \/>&#8211; foto LivePhotoSport &#8211; <br \/>(ITALPRESS).<\/div>\n<div id=\"div-gpt-ad-Messinaoggi.it-DSK-300x250-corpoart\" style=\"text-align:center;margin:0 auto;\"><\/div><\/p><div id=\"videoincontent\" style=\"clear:both\";><\/div>","protected":false},"excerpt":{"rendered":"<p>ROMA (ITALPRESS) &#8211; &#8220;Tre mesi fa c&#8217;era quasi un dramma a pensare che io potessi andare via, a Budapest ho detto a tutti che sarei rimasto. Dopo tre giorni, contro lo Spezia, l&#8217;ho detto anche ai tifosi. In estate ho avuto la pi\u00f9 importante offerta che un allenatore abbia mai avuto nella storia del calcio [&hellip;]<\/p>\n","protected":false},"author":18,"featured_media":170981,"comment_status":"closed","ping_status":"closed","sticky":false,"template":"","format":"standard","meta":{"ub_ctt_via":"","_mi_skip_tracking":false},"categories":[446],"tags":[783],"featured_image_src":"https:\/\/www.messinaoggi.it\/website\/wp-content\/uploads\/2023\/09\/20230930_0915.jpg","author_info":{"display_name":"Admin","author_link":"https:\/\/www.messinaoggi.it\/website\/author\/admin\/"},"digistream_id":0,"digistream":false,"_links":{"self":[{"href":"https:\/\/www.messinaoggi.it\/website\/wp-json\/wp\/v2\/posts\/170980"}],"collection":[{"href":"https:\/\/www.messinaoggi.it\/website\/wp-json\/wp\/v2\/posts"}],"about":[{"href":"https:\/\/www.messinaoggi.it\/website\/wp-json\/wp\/v2\/types\/post"}],"author":[{"embeddable":true,"href":"https:\/\/www.messinaoggi.it\/website\/wp-json\/wp\/v2\/users\/18"}],"replies":[{"embeddable":true,"href":"https:\/\/www.messinaoggi.it\/website\/wp-json\/wp\/v2\/comments?post=170980"}],"version-history":[{"count":0,"href":"https:\/\/www.messinaoggi.it\/website\/wp-json\/wp\/v2\/posts\/170980\/revisions"}],"wp:featuredmedia":[{"embeddable":true,"href":"https:\/\/www.messinaoggi.it\/website\/wp-json\/wp\/v2\/media\/170981"}],"wp:attachment":[{"href":"https:\/\/www.messinaoggi.it\/website\/wp-json\/wp\/v2\/media?parent=170980"}],"wp:term":[{"taxonomy":"category","embeddable":true,"href":"https:\/\/www.messinaoggi.it\/website\/wp-json\/wp\/v2\/categories?post=170980"},{"taxonomy":"post_tag","embeddable":true,"href":"https:\/\/www.messinaoggi.it\/website\/wp-json\/wp\/v2\/tags?post=170980"}],"curies":[{"name":"wp","href":"https:\/\/api.w.org\/{rel}","templated":true}]}}