{"id":170978,"date":"2023-09-30T15:47:45","date_gmt":"2023-09-30T13:47:45","guid":{"rendered":"https:\/\/www.messinaoggi.it\/website\/2023\/09\/30\/schlein-la-priorita-e-la-difesa-della-sanita-pubblica\/"},"modified":"2023-09-30T15:47:45","modified_gmt":"2023-09-30T13:47:45","slug":"schlein-la-priorita-e-la-difesa-della-sanita-pubblica","status":"publish","type":"post","link":"https:\/\/www.messinaoggi.it\/website\/2023\/09\/30\/schlein-la-priorita-e-la-difesa-della-sanita-pubblica\/","title":{"rendered":"Schlein &#8220;La priorit\u00e0 \u00e8 la difesa della sanit\u00e0 pubblica&#8221;"},"content":{"rendered":"<div id=\"div-gpt-ad-Messinaoggi.it-DSK-300x250-corpoart\" style=\"text-align:center;margin:0 auto;\"><\/div><\/p><div id=\"videoincontent\" style=\"clear:both\";><\/div>","protected":false},"excerpt":{"rendered":"","protected":false},"author":16,"featured_media":170979,"comment_status":"open","ping_status":"open","sticky":false,"template":"","format":"standard","meta":{"ub_ctt_via":"","_mi_skip_tracking":false},"categories":[784,785],"tags":[783],"featured_image_src":"https:\/\/www.messinaoggi.it\/website\/wp-content\/uploads\/2023\/09\/vm80.jpg","author_info":{"display_name":"Red Messina","author_link":"https:\/\/www.messinaoggi.it\/website\/author\/red-messina\/"},"digistream_id":0,"digistream":false,"_links":{"self":[{"href":"https:\/\/www.messinaoggi.it\/website\/wp-json\/wp\/v2\/posts\/170978"}],"collection":[{"href":"https:\/\/www.messinaoggi.it\/website\/wp-json\/wp\/v2\/posts"}],"about":[{"href":"https:\/\/www.messinaoggi.it\/website\/wp-json\/wp\/v2\/types\/post"}],"author":[{"embeddable":true,"href":"https:\/\/www.messinaoggi.it\/website\/wp-json\/wp\/v2\/users\/16"}],"replies":[{"embeddable":true,"href":"https:\/\/www.messinaoggi.it\/website\/wp-json\/wp\/v2\/comments?post=170978"}],"version-history":[{"count":0,"href":"https:\/\/www.messinaoggi.it\/website\/wp-json\/wp\/v2\/posts\/170978\/revisions"}],"wp:featuredmedia":[{"embeddable":true,"href":"https:\/\/www.messinaoggi.it\/website\/wp-json\/wp\/v2\/media\/170979"}],"wp:attachment":[{"href":"https:\/\/www.messinaoggi.it\/website\/wp-json\/wp\/v2\/media?parent=170978"}],"wp:term":[{"taxonomy":"category","embeddable":true,"href":"https:\/\/www.messinaoggi.it\/website\/wp-json\/wp\/v2\/categories?post=170978"},{"taxonomy":"post_tag","embeddable":true,"href":"https:\/\/www.messinaoggi.it\/website\/wp-json\/wp\/v2\/tags?post=170978"}],"curies":[{"name":"wp","href":"https:\/\/api.w.org\/{rel}","templated":true}]}}