{"id":170970,"date":"2023-09-30T15:08:06","date_gmt":"2023-09-30T13:08:06","guid":{"rendered":"https:\/\/www.messinaoggi.it\/website\/2023\/09\/30\/schlein-ce-bisogno-di-investimenti-sulla-sanita-via-limiti-alle-assunzioni\/"},"modified":"2023-09-30T15:08:06","modified_gmt":"2023-09-30T13:08:06","slug":"schlein-ce-bisogno-di-investimenti-sulla-sanita-via-limiti-alle-assunzioni","status":"publish","type":"post","link":"https:\/\/www.messinaoggi.it\/website\/2023\/09\/30\/schlein-ce-bisogno-di-investimenti-sulla-sanita-via-limiti-alle-assunzioni\/","title":{"rendered":"Schlein \u201cC\u2019\u00e8 bisogno di investimenti sulla sanit\u00e0, via limiti alle assunzioni\u201d"},"content":{"rendered":"<div>PALERMO (ITALPRESS) &#8211; &#8220;Ci avviciniamo alla manovra: per noi la priorit\u00e0 \u00e8 la difesa della sanit\u00e0 pubblica, che ha bisogno di risorse. Si stanno gi\u00e0 tagliando i servizi alle persone, si allungano a dismisura i tempi delle liste d&#8217;attesa: c&#8217;\u00e8 bisogno di investire fortemente sulla sanit\u00e0 pubblica e di togliere i limiti alle assunzioni, perch\u00e8 i reparti sono in difficolt\u00e0. La salute \u00e8 un diritto di tutti, non accetteremo altri tagli o privatizzazioni&#8221;. A dirlo \u00e8 la segretaria del Pd, Elly Schlein, a margine del quarto congresso nazionale di Area democratica per la giustizia, in corso a Palermo.<br \/>\n&#8211; foto xd8 Italpress &#8211;<br \/>\n(ITALPRESS).<\/div>\n<div id=\"div-gpt-ad-Messinaoggi.it-DSK-300x250-corpoart\" style=\"text-align:center;margin:0 auto;\"><\/div><\/p><div id=\"videoincontent\" style=\"clear:both\";><\/div>","protected":false},"excerpt":{"rendered":"<p>PALERMO (ITALPRESS) &#8211; &#8220;Ci avviciniamo alla manovra: per noi la priorit\u00e0 \u00e8 la difesa della sanit\u00e0 pubblica, che ha bisogno di risorse. Si stanno gi\u00e0 tagliando i servizi alle persone, si allungano a dismisura i tempi delle liste d&#8217;attesa: c&#8217;\u00e8 bisogno di investire fortemente sulla sanit\u00e0 pubblica e di togliere i limiti alle assunzioni, perch\u00e8 [&hellip;]<\/p>\n","protected":false},"author":18,"featured_media":170971,"comment_status":"closed","ping_status":"closed","sticky":false,"template":"","format":"standard","meta":{"ub_ctt_via":"","_mi_skip_tracking":false},"categories":[446],"tags":[783],"featured_image_src":"https:\/\/www.messinaoggi.it\/website\/wp-content\/uploads\/2023\/09\/20230930_0817.jpg","author_info":{"display_name":"Admin","author_link":"https:\/\/www.messinaoggi.it\/website\/author\/admin\/"},"digistream_id":0,"digistream":false,"_links":{"self":[{"href":"https:\/\/www.messinaoggi.it\/website\/wp-json\/wp\/v2\/posts\/170970"}],"collection":[{"href":"https:\/\/www.messinaoggi.it\/website\/wp-json\/wp\/v2\/posts"}],"about":[{"href":"https:\/\/www.messinaoggi.it\/website\/wp-json\/wp\/v2\/types\/post"}],"author":[{"embeddable":true,"href":"https:\/\/www.messinaoggi.it\/website\/wp-json\/wp\/v2\/users\/18"}],"replies":[{"embeddable":true,"href":"https:\/\/www.messinaoggi.it\/website\/wp-json\/wp\/v2\/comments?post=170970"}],"version-history":[{"count":0,"href":"https:\/\/www.messinaoggi.it\/website\/wp-json\/wp\/v2\/posts\/170970\/revisions"}],"wp:featuredmedia":[{"embeddable":true,"href":"https:\/\/www.messinaoggi.it\/website\/wp-json\/wp\/v2\/media\/170971"}],"wp:attachment":[{"href":"https:\/\/www.messinaoggi.it\/website\/wp-json\/wp\/v2\/media?parent=170970"}],"wp:term":[{"taxonomy":"category","embeddable":true,"href":"https:\/\/www.messinaoggi.it\/website\/wp-json\/wp\/v2\/categories?post=170970"},{"taxonomy":"post_tag","embeddable":true,"href":"https:\/\/www.messinaoggi.it\/website\/wp-json\/wp\/v2\/tags?post=170970"}],"curies":[{"name":"wp","href":"https:\/\/api.w.org\/{rel}","templated":true}]}}