{"id":170968,"date":"2023-09-30T14:07:59","date_gmt":"2023-09-30T12:07:59","guid":{"rendered":"https:\/\/www.messinaoggi.it\/website\/2023\/09\/30\/giorgetti-servono-scelte-difficili\/"},"modified":"2023-09-30T14:07:59","modified_gmt":"2023-09-30T12:07:59","slug":"giorgetti-servono-scelte-difficili","status":"publish","type":"post","link":"https:\/\/www.messinaoggi.it\/website\/2023\/09\/30\/giorgetti-servono-scelte-difficili\/","title":{"rendered":"Giorgetti \u201cServono scelte difficili\u201d"},"content":{"rendered":"<div>ROMA (ITALPRESS) &#8211; La situazione economica e di finanza pubblica &#8220;\u00e8 pi\u00f9 delicata di quanto prefigurato in primavera&#8221;. Cos\u00ec il ministro dell&#8217;Economia, Giancarlo Giorgetti, nella premessa alla Nadef. <br \/>&#8220;In una situazione in cui la finanza pubblica \u00e8 gravata dall&#8217;onere di incentivi edilizi, dal rialzo dei tassi di interesse e dal rallentamento del ciclo economico internazionale, \u00e8 necessario fare scelte difficili&#8221;, sottolinea Giorgetti, aggiungendo che il Governo ha scelto di affrontare &#8220;i problemi pi\u00f9 impellenti (inflazione, povert\u00e0 energetica-alimentare, decrescita demografica), con la capacit\u00e0 di reagire&#8221;.<br \/>Giorgetti, nella premessa del Nadef inviato alle Camere, spiega l&#8217;obiettivo del governo di trovare l&#8217;equilibrio tra sostegno alla crescita e disciplina di bilancio. Con una crescita modesta e la Pubblica amministrazione in affanno a causa dei crediti legati al Superbonus. Che risulta essere ancora una importante zavorra per la stabilit\u00e0 delle casse dello Stato.<br \/>&#8211; foto Agenzia Fotogramma &#8211;<br \/>(ITALPRESS).<\/div>\n<div id=\"div-gpt-ad-Messinaoggi.it-DSK-300x250-corpoart\" style=\"text-align:center;margin:0 auto;\"><\/div><\/p><div id=\"videoincontent\" style=\"clear:both\";><\/div>","protected":false},"excerpt":{"rendered":"<p>ROMA (ITALPRESS) &#8211; La situazione economica e di finanza pubblica &#8220;\u00e8 pi\u00f9 delicata di quanto prefigurato in primavera&#8221;. Cos\u00ec il ministro dell&#8217;Economia, Giancarlo Giorgetti, nella premessa alla Nadef. &#8220;In una situazione in cui la finanza pubblica \u00e8 gravata dall&#8217;onere di incentivi edilizi, dal rialzo dei tassi di interesse e dal rallentamento del ciclo economico internazionale, [&hellip;]<\/p>\n","protected":false},"author":18,"featured_media":170969,"comment_status":"closed","ping_status":"closed","sticky":false,"template":"","format":"standard","meta":{"ub_ctt_via":"","_mi_skip_tracking":false},"categories":[446],"tags":[783],"featured_image_src":"https:\/\/www.messinaoggi.it\/website\/wp-content\/uploads\/2023\/09\/20230930_0761.jpg","author_info":{"display_name":"Admin","author_link":"https:\/\/www.messinaoggi.it\/website\/author\/admin\/"},"digistream_id":0,"digistream":false,"_links":{"self":[{"href":"https:\/\/www.messinaoggi.it\/website\/wp-json\/wp\/v2\/posts\/170968"}],"collection":[{"href":"https:\/\/www.messinaoggi.it\/website\/wp-json\/wp\/v2\/posts"}],"about":[{"href":"https:\/\/www.messinaoggi.it\/website\/wp-json\/wp\/v2\/types\/post"}],"author":[{"embeddable":true,"href":"https:\/\/www.messinaoggi.it\/website\/wp-json\/wp\/v2\/users\/18"}],"replies":[{"embeddable":true,"href":"https:\/\/www.messinaoggi.it\/website\/wp-json\/wp\/v2\/comments?post=170968"}],"version-history":[{"count":0,"href":"https:\/\/www.messinaoggi.it\/website\/wp-json\/wp\/v2\/posts\/170968\/revisions"}],"wp:featuredmedia":[{"embeddable":true,"href":"https:\/\/www.messinaoggi.it\/website\/wp-json\/wp\/v2\/media\/170969"}],"wp:attachment":[{"href":"https:\/\/www.messinaoggi.it\/website\/wp-json\/wp\/v2\/media?parent=170968"}],"wp:term":[{"taxonomy":"category","embeddable":true,"href":"https:\/\/www.messinaoggi.it\/website\/wp-json\/wp\/v2\/categories?post=170968"},{"taxonomy":"post_tag","embeddable":true,"href":"https:\/\/www.messinaoggi.it\/website\/wp-json\/wp\/v2\/tags?post=170968"}],"curies":[{"name":"wp","href":"https:\/\/api.w.org\/{rel}","templated":true}]}}