{"id":170903,"date":"2023-09-29T20:08:00","date_gmt":"2023-09-29T18:08:00","guid":{"rendered":"https:\/\/www.messinaoggi.it\/website\/2023\/09\/29\/da-stati-generali-export-appello-per-meno-burocrazia-e-cabina-di-regia\/"},"modified":"2023-09-29T20:08:00","modified_gmt":"2023-09-29T18:08:00","slug":"da-stati-generali-export-appello-per-meno-burocrazia-e-cabina-di-regia","status":"publish","type":"post","link":"https:\/\/www.messinaoggi.it\/website\/2023\/09\/29\/da-stati-generali-export-appello-per-meno-burocrazia-e-cabina-di-regia\/","title":{"rendered":"Da Stati Generali Export appello per meno burocrazia e cabina di regia"},"content":{"rendered":"<div>ALBA (CUNEO) (ITALPRESS) &#8211; &#8220;L&#8217;Italia basa sul commercio estero oltre un terzo del proprio Pil, circa 660 miliardi ed \u00e8 bizzarro che questo settore non abbia un proprio ministro di riferimento. Il ministero per il Commercio Estero venne previsto con grande lungimiranza dal primo Governo de Gasperi e dovrebbe essere ripristinato perch\u00e8 il Paese possa restare competitivo. L&#8217;export italiano, come dimostrano i dati Istat di oggi, si sta dimostrando resiliente ma la perdita di mercati come Russia e Ucraina, le grandi difficolt\u00e0 della Germania e gli altissimi costi di materie prime e logistica devono spingerci a lavorare di pi\u00f9 e meglio su mercati emergenti come Vietnam, Indonesia, Malesia e in Africa eliminando alcuni limiti strutturali&#8221;. <br \/>Cos\u00ec Lorenzo Zurino, presidente del Forum Italiano dell&#8217;Export &#8211; Ief nel corso dell&#8217;apertura della 5\u00b0 edizione degli Stati Generali dell&#8217;Export ad Alba, in rappresentanza delle oltre 2.000 aziende rappresentate dal Forum Italiano dell&#8217;Export e che esprimono circa 200 miliardi di fatturato, realizzato in buona parte fuori dall&#8217;Italia. Tra gli argomenti principali della prima giornata: la necessit\u00e0 di supportare l&#8217;attivit\u00e0 delle aziende esportatrici attraverso la creazione di un ministero dedicato completamente ai temi dell&#8217;export, una decisa politica di difesa del Made in Italy nei contesti internazionali, in particolare contro l'&#8221;italian sounding&#8221;, una complessiva semplificazione burocratica, ad esempio nelle procedure di sdoganamento, un potenziamento del trasporto su ferro e via mare. E&#8217; stata ribadita inoltre la necessit\u00e0 di aiutare le aziende esportatrici italiane a crescere e ad aggregarsi perch\u00e8 &#8211; come ha affermato Zurino &#8211; &#8220;piccolo non \u00e8 bello ma \u00e8 solo piccolo. la dimensione \u00e8 un fattore che aiuta molto ad essere competitivi sui mercati internazionali&#8221;. Grandi aziende e Pmi, banche, associazioni di categoria, enti fieristici, universit\u00e0, ordini professionali presenti agli Stati Generali hanno convenuto sull&#8217;importanza di una cabina di regia permanente dedicata all&#8217;export e al Made in Italy, visto il ruolo di un settore vitale per l&#8217;economia italiana. Nel corso dell&#8217;evento \u00e8 stato ufficializzato l&#8217;ingresso nel board dello Ief del Chairman di Anivad Spa e azionista Exor, Eduardo Teodorani Fabbri e di Francesco Pugliese (vicepresidente Confcommercio). Tra i relatori intervenuti alla prima giornata il presidente della Regione Piemonte Alberto Cirio; Flavio Briatore; il presidente Coldiretti, Ettore Prandini; la vicepresidente e Ad di Irinox e Vicepresidente di Confindustria, Katia Da Ros; il vicepresidente Confcommercio, Francesco Pugliese; il rettore della Luiss Guido Carli, Andrea Prencipe; il presidente di Minerva Hub, Matteo Marzotto; il presidente di Cirio Agricola e Maccarese Agricola, Andrea Benetton; Marco Mandelli, Chief Corporate &amp; Investment Banking Officer di BPER, main sponsor dell&#8217;evento.<br \/>(ITALPRESS).<br \/>&#8211; Foto: ufficio stampa &#8211;<\/div>\n<div id=\"div-gpt-ad-Messinaoggi.it-DSK-300x250-corpoart\" style=\"text-align:center;margin:0 auto;\"><\/div><\/p><div id=\"videoincontent\" style=\"clear:both\";><\/div>","protected":false},"excerpt":{"rendered":"<p>ALBA (CUNEO) (ITALPRESS) &#8211; &#8220;L&#8217;Italia basa sul commercio estero oltre un terzo del proprio Pil, circa 660 miliardi ed \u00e8 bizzarro che questo settore non abbia un proprio ministro di riferimento. Il ministero per il Commercio Estero venne previsto con grande lungimiranza dal primo Governo de Gasperi e dovrebbe essere ripristinato perch\u00e8 il Paese possa [&hellip;]<\/p>\n","protected":false},"author":18,"featured_media":170904,"comment_status":"closed","ping_status":"closed","sticky":false,"template":"","format":"standard","meta":{"ub_ctt_via":"","_mi_skip_tracking":false},"categories":[446],"tags":[783],"featured_image_src":"https:\/\/www.messinaoggi.it\/website\/wp-content\/uploads\/2023\/09\/20230929_2353.jpg","author_info":{"display_name":"Admin","author_link":"https:\/\/www.messinaoggi.it\/website\/author\/admin\/"},"digistream_id":0,"digistream":false,"_links":{"self":[{"href":"https:\/\/www.messinaoggi.it\/website\/wp-json\/wp\/v2\/posts\/170903"}],"collection":[{"href":"https:\/\/www.messinaoggi.it\/website\/wp-json\/wp\/v2\/posts"}],"about":[{"href":"https:\/\/www.messinaoggi.it\/website\/wp-json\/wp\/v2\/types\/post"}],"author":[{"embeddable":true,"href":"https:\/\/www.messinaoggi.it\/website\/wp-json\/wp\/v2\/users\/18"}],"replies":[{"embeddable":true,"href":"https:\/\/www.messinaoggi.it\/website\/wp-json\/wp\/v2\/comments?post=170903"}],"version-history":[{"count":0,"href":"https:\/\/www.messinaoggi.it\/website\/wp-json\/wp\/v2\/posts\/170903\/revisions"}],"wp:featuredmedia":[{"embeddable":true,"href":"https:\/\/www.messinaoggi.it\/website\/wp-json\/wp\/v2\/media\/170904"}],"wp:attachment":[{"href":"https:\/\/www.messinaoggi.it\/website\/wp-json\/wp\/v2\/media?parent=170903"}],"wp:term":[{"taxonomy":"category","embeddable":true,"href":"https:\/\/www.messinaoggi.it\/website\/wp-json\/wp\/v2\/categories?post=170903"},{"taxonomy":"post_tag","embeddable":true,"href":"https:\/\/www.messinaoggi.it\/website\/wp-json\/wp\/v2\/tags?post=170903"}],"curies":[{"name":"wp","href":"https:\/\/api.w.org\/{rel}","templated":true}]}}