{"id":170859,"date":"2023-09-29T17:08:11","date_gmt":"2023-09-29T15:08:11","guid":{"rendered":"https:\/\/www.messinaoggi.it\/website\/2023\/09\/29\/covid-rallenta-la-crescita-dei-nuovi-casi\/"},"modified":"2023-09-29T17:08:11","modified_gmt":"2023-09-29T15:08:11","slug":"covid-rallenta-la-crescita-dei-nuovi-casi","status":"publish","type":"post","link":"https:\/\/www.messinaoggi.it\/website\/2023\/09\/29\/covid-rallenta-la-crescita-dei-nuovi-casi\/","title":{"rendered":"Covid, rallenta la crescita dei nuovi casi"},"content":{"rendered":"<div>ROMA (ITALPRESS) &#8211; Nella settimana 21-27 settembre 2023 si sono registrati 38.775 nuovi casi positivi al Covid-19 con una variazione di +7,4% rispetto alla settimana precedente (36.102),  129 deceduti con una variazione di +10,3% rispetto alla settimana precedente (117); 251.160 tamponi effettuati, +7,9% rispetto alla settimana precedente (232.664). Lo rende noto il ministero della Salute.<br \/>Il tasso di positivit\u00e0 \u00e8 del 15,4%, -0,1% rispetto alla settimana precedente. Il tasso di occupazione in area medica \u00e8 del 4,4% (2.734 ricoverati), rispetto al 4,1% al 20 settembre scorso. Il tasso di occupazione in terapia intensiva \u00e8 dello 0,9% (82 ricoverati), rispetto all&#8217;1% al 20 settembre scorso.<br \/>&#8220;Come ampiamente previsto assistiamo ad un ulteriore rallentamento dei nuovi casi e rimane assolutamente irrilevante l&#8217;impatto sugli ospedali. Non si evince, in questa fase, alcuna necessit\u00e0 di misure straordinarie, che ormai sono alle nostre spalle, mentre continuiamo la nostra attivit\u00e0 costante di monitoraggio e sorveglianza, mettendo in campo tutto ci\u00f2 che \u00e8 doveroso fare per la tutela degli Italiani&#8221;, spiega il direttore generale della Prevenzione Sanitaria del ministero della Salute, Francesco Vaia.<div id=\"div-gpt-ad-Messinaoggi.it-DSK-300x250-corpoart\" style=\"text-align:center;margin:0 auto;\"><\/div><\/p>\n<p>&#8211; Foto: Agenzia Fotogramma &#8211;<div id=\"videoincontent\" style=\"clear:both\";><\/div><\/p>\n<p>(ITALPRESS).<\/p><\/div>\n","protected":false},"excerpt":{"rendered":"<p>ROMA (ITALPRESS) &#8211; Nella settimana 21-27 settembre 2023 si sono registrati 38.775 nuovi casi positivi al Covid-19 con una variazione di +7,4% rispetto alla settimana precedente (36.102), 129 deceduti con una variazione di +10,3% rispetto alla settimana precedente (117); 251.160 tamponi effettuati, +7,9% rispetto alla settimana precedente (232.664). Lo rende noto il ministero della Salute.Il [&hellip;]<\/p>\n","protected":false},"author":18,"featured_media":170860,"comment_status":"closed","ping_status":"closed","sticky":false,"template":"","format":"standard","meta":{"ub_ctt_via":"","_mi_skip_tracking":false},"categories":[446],"tags":[783],"featured_image_src":"https:\/\/www.messinaoggi.it\/website\/wp-content\/uploads\/2023\/09\/20230929_1919.jpg","author_info":{"display_name":"Admin","author_link":"https:\/\/www.messinaoggi.it\/website\/author\/admin\/"},"digistream_id":0,"digistream":false,"_links":{"self":[{"href":"https:\/\/www.messinaoggi.it\/website\/wp-json\/wp\/v2\/posts\/170859"}],"collection":[{"href":"https:\/\/www.messinaoggi.it\/website\/wp-json\/wp\/v2\/posts"}],"about":[{"href":"https:\/\/www.messinaoggi.it\/website\/wp-json\/wp\/v2\/types\/post"}],"author":[{"embeddable":true,"href":"https:\/\/www.messinaoggi.it\/website\/wp-json\/wp\/v2\/users\/18"}],"replies":[{"embeddable":true,"href":"https:\/\/www.messinaoggi.it\/website\/wp-json\/wp\/v2\/comments?post=170859"}],"version-history":[{"count":0,"href":"https:\/\/www.messinaoggi.it\/website\/wp-json\/wp\/v2\/posts\/170859\/revisions"}],"wp:featuredmedia":[{"embeddable":true,"href":"https:\/\/www.messinaoggi.it\/website\/wp-json\/wp\/v2\/media\/170860"}],"wp:attachment":[{"href":"https:\/\/www.messinaoggi.it\/website\/wp-json\/wp\/v2\/media?parent=170859"}],"wp:term":[{"taxonomy":"category","embeddable":true,"href":"https:\/\/www.messinaoggi.it\/website\/wp-json\/wp\/v2\/categories?post=170859"},{"taxonomy":"post_tag","embeddable":true,"href":"https:\/\/www.messinaoggi.it\/website\/wp-json\/wp\/v2\/tags?post=170859"}],"curies":[{"name":"wp","href":"https:\/\/api.w.org\/{rel}","templated":true}]}}