{"id":17085,"date":"2018-03-19T10:59:56","date_gmt":"2018-03-19T09:59:56","guid":{"rendered":"http:\/\/www.messinaoggi.it\/website\/?p=17085"},"modified":"2018-03-19T10:59:56","modified_gmt":"2018-03-19T09:59:56","slug":"bramanti-non-ho-sciolto-le-riserve-prosegue-linterlocuzione-con-musumeci","status":"publish","type":"post","link":"https:\/\/www.messinaoggi.it\/website\/2018\/03\/19\/bramanti-non-ho-sciolto-le-riserve-prosegue-linterlocuzione-con-musumeci\/","title":{"rendered":"Bramanti: &quot;Non ho sciolto le riserve, prosegue l&#039;interlocuzione con Musumeci&quot;"},"content":{"rendered":"<p>Dal prof. Dino Bramanti riceviamo una nota che pubblichiamo integralmente riguardo la sua possibile candidatura a sindaco di Messina. Ecco il testo.<br \/>\n&#8220;<em>In merito a notizie di stampa, nelle quali si riporta che avrei sciolto la riserva sulla mia eventuale candidatura a Sindaco della Citt\u00e0 di Messina, desidero precisare che ancora nessuna dichiarazione ufficiale, da parte mia e del Presidente della Regione, On. Nello Musumeci, \u00e8 stata fornita in tal senso.<\/em><br \/>\n<em>Continuano per altro le interlocuzioni con il Presidente Musumeci, che ieri, in un lungo colloquio, hanno riguardato numerosi aspetti delle prossime elezioni amministrative e che vedono per la complessit\u00e0 e la meticolosit\u00e0 dell\u2019approccio al nuovo metodo di lavoro, l\u2019esigenza di un ulteriore incontro dirimente e definitivo. Considerato l\u2019intenso calendario della Regione, che vede tra gli altri impegni l\u2019approvazione del Bilancio, alla scadenza dei lavori d\u2019aula dell\u2019Assemblea Regionale Siciliana di questa settimana, si completer\u00e0, per la loro migliore definizione, l\u2019approfondimento dei punti ancora in sospeso. Al termine del programmato e ultimo incontro, scioglier\u00f2 in ogni caso la riserva che riguarder\u00e0 anche il coinvolgimento di tutti i protagonisti interessati, consapevoli dell\u2019importanza della decisione che riguarda il futuro governo della citt\u00e0 e dell\u2019urgente bisogno d\u2019interventi a supporto, per i quali la Regione ricopre un ruolo determinante.<\/em><br \/>\n<em>La possibile candidatura, di un rappresentante della societ\u00e0 civile, come \u00e8 quella in discussione, scaturisce da una sintesi tra i bisogni della gente e dalla necessit\u00e0 di formulare una nuova offerta della politica. La partecipazione e la volont\u00e0 dei cittadini \u00e8 alla base della scelta, che non deve essere interpretata come espressione di pochi. Essere non solo portavoce dei bisogni, ma interprete di una sintesi che trovi la politica pronta a rispondere ai reali problemi della gente, sono condizioni fondamentali. E\u2019 arrivato il momento di passare dalla protesta, fin troppo semplice, alla proposta, con le sue complessit\u00e0 e con le urgenze che impone!<\/em><br \/>\n<em>I bisogni delle persone, i fragili, gli anziani, le periferie, i poveri, coloro che si rivolgono a noi per esigenze di salute hanno bisogno di certezze e supporto. Come facciamo nel nostro lavoro, cos\u00ec si dovrebbe realizzare un modello \u201cMessina\u201d, libero di accogliere il mondo della societ\u00e0 civile, del volontariato, delle professioni, degli imprenditori, dei giovani e di tutti coloro che sono disponibili a partecipare alla crescita della loro citt\u00e0, confrontandosi e collaborando con le forze politiche.<\/em><br \/>\n<em>Altre dialettiche, al di fuori dei bisogni della gente non ci riguardano e non siamo interessati a farci allontanare dal nostro lavoro, dall\u2019interesse e dalla passione che ci spinge quotidianamente a stare dalla loro parte.<\/em><br \/>\n<em>Ritengo che in settimana sar\u00e0 possibile definire e concludere la fase preliminare, che vede il Presidente Musumeci impegnato su pi\u00f9 fronti e che ha manifestato sin da subito il suo interesse e quello della Regione Siciliana per il \u201cmodello Messina\u201d, arricchendolo di contributi, quale prototipo di una svolta per la citt\u00e0 di Messina&#8221;<\/em>.<div id=\"div-gpt-ad-Messinaoggi.it-DSK-300x250-corpoart\" style=\"text-align:center;margin:0 auto;\"><\/div><\/p>\n<div id=\"videoincontent\" style=\"clear:both\";><\/div>","protected":false},"excerpt":{"rendered":"<p>Dal prof. Dino Bramanti riceviamo una nota che pubblichiamo integralmente riguardo la sua possibile candidatura a sindaco di Messina. Ecco il testo. &#8220;In merito a notizie di stampa, nelle quali si riporta che avrei sciolto la riserva sulla mia eventuale candidatura a Sindaco della Citt\u00e0 di Messina, desidero precisare che ancora nessuna dichiarazione ufficiale, da [&hellip;]<\/p>\n","protected":false},"author":2,"featured_media":1870,"comment_status":"closed","ping_status":"open","sticky":false,"template":"","format":"standard","meta":{"ub_ctt_via":"","_mi_skip_tracking":false},"categories":[4],"tags":[],"featured_image_src":"https:\/\/www.messinaoggi.it\/website\/wp-content\/uploads\/2017\/06\/Bramanti-Dino-2.jpg","author_info":{"display_name":"Redazione","author_link":"https:\/\/www.messinaoggi.it\/website\/author\/redazione\/"},"digistream_id":0,"digistream":false,"_links":{"self":[{"href":"https:\/\/www.messinaoggi.it\/website\/wp-json\/wp\/v2\/posts\/17085"}],"collection":[{"href":"https:\/\/www.messinaoggi.it\/website\/wp-json\/wp\/v2\/posts"}],"about":[{"href":"https:\/\/www.messinaoggi.it\/website\/wp-json\/wp\/v2\/types\/post"}],"author":[{"embeddable":true,"href":"https:\/\/www.messinaoggi.it\/website\/wp-json\/wp\/v2\/users\/2"}],"replies":[{"embeddable":true,"href":"https:\/\/www.messinaoggi.it\/website\/wp-json\/wp\/v2\/comments?post=17085"}],"version-history":[{"count":0,"href":"https:\/\/www.messinaoggi.it\/website\/wp-json\/wp\/v2\/posts\/17085\/revisions"}],"wp:featuredmedia":[{"embeddable":true,"href":"https:\/\/www.messinaoggi.it\/website\/wp-json\/wp\/v2\/media\/1870"}],"wp:attachment":[{"href":"https:\/\/www.messinaoggi.it\/website\/wp-json\/wp\/v2\/media?parent=17085"}],"wp:term":[{"taxonomy":"category","embeddable":true,"href":"https:\/\/www.messinaoggi.it\/website\/wp-json\/wp\/v2\/categories?post=17085"},{"taxonomy":"post_tag","embeddable":true,"href":"https:\/\/www.messinaoggi.it\/website\/wp-json\/wp\/v2\/tags?post=17085"}],"curies":[{"name":"wp","href":"https:\/\/api.w.org\/{rel}","templated":true}]}}