{"id":170847,"date":"2023-09-29T16:08:16","date_gmt":"2023-09-29T14:08:16","guid":{"rendered":"https:\/\/www.messinaoggi.it\/website\/2023\/09\/29\/immigrazione-piantedosi-sviluppare-piano-per-rimpatri-volontari\/"},"modified":"2023-09-29T16:08:16","modified_gmt":"2023-09-29T14:08:16","slug":"immigrazione-piantedosi-sviluppare-piano-per-rimpatri-volontari","status":"publish","type":"post","link":"https:\/\/www.messinaoggi.it\/website\/2023\/09\/29\/immigrazione-piantedosi-sviluppare-piano-per-rimpatri-volontari\/","title":{"rendered":"Immigrazione, Piantedosi \u201cSviluppare piano per rimpatri volontari\u201d"},"content":{"rendered":"<div>ROMA (ITALPRESS) &#8211; Il ministro dell&#8217;Interno Matteo Piantedosi ha incontrato, a margine della conferenza ministeriale di Palermo sulla criminalit\u00e0 organizzata, il ministro dell&#8217;Interno francese G\u00e8rald Darmanin. &#8220;I nostri incontri frequenti &#8211; ha dichiarato  Piantedosi &#8211; testimoniano la volont\u00e0 e l&#8217;impegno a lavorare insieme sia a livello europeo che bilaterale&#8221;. <br \/>Al centro del colloquio le sfide comuni in materia di sicurezza, la collaborazione tra le forze di polizia, il dossier migrazione e tra i vari punti affrontati anche l&#8217;importanza di creare apposite campagne di comunicazione e di informazione per dissuadere le partenze e l&#8217;attivit\u00e0 dei trafficanti che mettono a rischio la vita dei migranti. &#8220;Nel corso dell&#8217;incontro &#8211; ha proseguito Piantedosi &#8211; ho evidenziato l&#8217;importanza di sviluppare un piano per i rimpatri volontari assistiti&#8221;.<br \/>Al termine del bilaterale i due ministri hanno firmato una intesa che dar\u00e0 l&#8217;avvio ufficiale a una cabina di regia Italo-francese a livello tecnico in materia di sicurezza. <br \/>(ITALPRESS).<br \/>&#8211; Foto: Agenzia Fotogramma &#8211;<\/div>\n<div id=\"div-gpt-ad-Messinaoggi.it-DSK-300x250-corpoart\" style=\"text-align:center;margin:0 auto;\"><\/div><\/p><div id=\"videoincontent\" style=\"clear:both\";><\/div>","protected":false},"excerpt":{"rendered":"<p>ROMA (ITALPRESS) &#8211; Il ministro dell&#8217;Interno Matteo Piantedosi ha incontrato, a margine della conferenza ministeriale di Palermo sulla criminalit\u00e0 organizzata, il ministro dell&#8217;Interno francese G\u00e8rald Darmanin. &#8220;I nostri incontri frequenti &#8211; ha dichiarato Piantedosi &#8211; testimoniano la volont\u00e0 e l&#8217;impegno a lavorare insieme sia a livello europeo che bilaterale&#8221;. Al centro del colloquio le sfide [&hellip;]<\/p>\n","protected":false},"author":18,"featured_media":170848,"comment_status":"closed","ping_status":"closed","sticky":false,"template":"","format":"standard","meta":{"ub_ctt_via":"","_mi_skip_tracking":false},"categories":[446],"tags":[783],"featured_image_src":"https:\/\/www.messinaoggi.it\/website\/wp-content\/uploads\/2023\/09\/20230929_1521.jpg","author_info":{"display_name":"Admin","author_link":"https:\/\/www.messinaoggi.it\/website\/author\/admin\/"},"digistream_id":0,"digistream":false,"_links":{"self":[{"href":"https:\/\/www.messinaoggi.it\/website\/wp-json\/wp\/v2\/posts\/170847"}],"collection":[{"href":"https:\/\/www.messinaoggi.it\/website\/wp-json\/wp\/v2\/posts"}],"about":[{"href":"https:\/\/www.messinaoggi.it\/website\/wp-json\/wp\/v2\/types\/post"}],"author":[{"embeddable":true,"href":"https:\/\/www.messinaoggi.it\/website\/wp-json\/wp\/v2\/users\/18"}],"replies":[{"embeddable":true,"href":"https:\/\/www.messinaoggi.it\/website\/wp-json\/wp\/v2\/comments?post=170847"}],"version-history":[{"count":0,"href":"https:\/\/www.messinaoggi.it\/website\/wp-json\/wp\/v2\/posts\/170847\/revisions"}],"wp:featuredmedia":[{"embeddable":true,"href":"https:\/\/www.messinaoggi.it\/website\/wp-json\/wp\/v2\/media\/170848"}],"wp:attachment":[{"href":"https:\/\/www.messinaoggi.it\/website\/wp-json\/wp\/v2\/media?parent=170847"}],"wp:term":[{"taxonomy":"category","embeddable":true,"href":"https:\/\/www.messinaoggi.it\/website\/wp-json\/wp\/v2\/categories?post=170847"},{"taxonomy":"post_tag","embeddable":true,"href":"https:\/\/www.messinaoggi.it\/website\/wp-json\/wp\/v2\/tags?post=170847"}],"curies":[{"name":"wp","href":"https:\/\/api.w.org\/{rel}","templated":true}]}}