{"id":170845,"date":"2023-09-29T16:08:12","date_gmt":"2023-09-29T14:08:12","guid":{"rendered":"https:\/\/www.messinaoggi.it\/website\/2023\/09\/29\/pioli-ko-nel-derby-nuovo-inizio-lazio-squadra-temibile\/"},"modified":"2023-09-29T16:08:12","modified_gmt":"2023-09-29T14:08:12","slug":"pioli-ko-nel-derby-nuovo-inizio-lazio-squadra-temibile","status":"publish","type":"post","link":"https:\/\/www.messinaoggi.it\/website\/2023\/09\/29\/pioli-ko-nel-derby-nuovo-inizio-lazio-squadra-temibile\/","title":{"rendered":"Pioli \u201cKo nel derby nuovo inizio, Lazio squadra temibile\u201d"},"content":{"rendered":"<div>MILANO (ITALPRESS) &#8211; &#8220;La sconfitta nel derby \u00e8 stato un nuovo inizio. La gara contro la Lazio, avversario temibile, \u00e8 uno scontro importante&#8221;. Questo il pensiero del tecnico del Milan, Stefano Pioli, alla vigilia del match di campionato, in casa, contro il team allenato da Maurizio Sarri.<br \/>&#8220;Abbiamo imparato a tenere alta la concentrazione sempre e questo \u00e8 molto importante in vista di una sfida contro un&#8217;ottima squadra. Stiamo bene, dobbiamo restare concentrati e trovare continuit\u00e0. La sconfitta nel derby era solo un nuovo inizio dal quale ripartire. Dobbiamo vivere tutto con grande equilibrio, sia i successi che i ko. Adesso non siamo perfetti, non siamo impeccabili ma possiamo mettere in campo la nostra migliore formazione per affrontare al meglio la Lazio&#8221;, ha precisato, in conferenza stampa, Pioli.<br \/>&#8220;Siamo solo all&#8217;inizio del nostro percorso e della nostra scalata. Ci saranno ancora tante partite e diverse difficolt\u00e0 da superare. Io sono convinto della forza e della qualit\u00e0 dei nostri giocatori e del nostro organico. Dopo la sosta \u00e8 iniziata una nuova stagione e per stare l\u00ec in alto servono tante cose: bisogna essere forti di testa e a livello di organizzazione. Ci sono tante cose che possiamo fare meglio ma l&#8217;importante \u00e8 restare concentrati in vista del match di domani&#8221;, ha detto ancora il tecnico del Milan.<br \/>&#8220;Leao? Se uno sbaglia un passaggio non significa che ha preso sotto gamba la partita. Ovviamente uno come Rafa deve sbagliare il meno possibile. La classifica? Essere in vetta oggi non conta nulla, conta solo la voglia di fare bene. Non ci sono partite facili ma non ci sono nemmeno gare impossibili. Sono contento di quello che ho visto in questi due giorni di lavoro&#8221;, ha continuato Pioli.<br \/>Chiusura sulla Lazio: &#8220;Gioca insieme da anni. Ha un ottimo allenatore e ha delle linee di gioco riconoscibili, con grande velocit\u00e0 e grande qualit\u00e0. Al di l\u00e0 del loro momento, sono una squadra forte, un avversario difficile&#8221;.<br \/>&#8211; foto LivePhotoSport &#8211;<br \/>(ITALPRESS).<\/div>\n<div id=\"div-gpt-ad-Messinaoggi.it-DSK-300x250-corpoart\" style=\"text-align:center;margin:0 auto;\"><\/div><\/p><div id=\"videoincontent\" style=\"clear:both\";><\/div>","protected":false},"excerpt":{"rendered":"<p>MILANO (ITALPRESS) &#8211; &#8220;La sconfitta nel derby \u00e8 stato un nuovo inizio. La gara contro la Lazio, avversario temibile, \u00e8 uno scontro importante&#8221;. Questo il pensiero del tecnico del Milan, Stefano Pioli, alla vigilia del match di campionato, in casa, contro il team allenato da Maurizio Sarri.&#8220;Abbiamo imparato a tenere alta la concentrazione sempre e [&hellip;]<\/p>\n","protected":false},"author":18,"featured_media":170846,"comment_status":"closed","ping_status":"closed","sticky":false,"template":"","format":"standard","meta":{"ub_ctt_via":"","_mi_skip_tracking":false},"categories":[446],"tags":[783],"featured_image_src":"https:\/\/www.messinaoggi.it\/website\/wp-content\/uploads\/2023\/09\/20230929_1050.jpg","author_info":{"display_name":"Admin","author_link":"https:\/\/www.messinaoggi.it\/website\/author\/admin\/"},"digistream_id":0,"digistream":false,"_links":{"self":[{"href":"https:\/\/www.messinaoggi.it\/website\/wp-json\/wp\/v2\/posts\/170845"}],"collection":[{"href":"https:\/\/www.messinaoggi.it\/website\/wp-json\/wp\/v2\/posts"}],"about":[{"href":"https:\/\/www.messinaoggi.it\/website\/wp-json\/wp\/v2\/types\/post"}],"author":[{"embeddable":true,"href":"https:\/\/www.messinaoggi.it\/website\/wp-json\/wp\/v2\/users\/18"}],"replies":[{"embeddable":true,"href":"https:\/\/www.messinaoggi.it\/website\/wp-json\/wp\/v2\/comments?post=170845"}],"version-history":[{"count":0,"href":"https:\/\/www.messinaoggi.it\/website\/wp-json\/wp\/v2\/posts\/170845\/revisions"}],"wp:featuredmedia":[{"embeddable":true,"href":"https:\/\/www.messinaoggi.it\/website\/wp-json\/wp\/v2\/media\/170846"}],"wp:attachment":[{"href":"https:\/\/www.messinaoggi.it\/website\/wp-json\/wp\/v2\/media?parent=170845"}],"wp:term":[{"taxonomy":"category","embeddable":true,"href":"https:\/\/www.messinaoggi.it\/website\/wp-json\/wp\/v2\/categories?post=170845"},{"taxonomy":"post_tag","embeddable":true,"href":"https:\/\/www.messinaoggi.it\/website\/wp-json\/wp\/v2\/tags?post=170845"}],"curies":[{"name":"wp","href":"https:\/\/api.w.org\/{rel}","templated":true}]}}