{"id":170798,"date":"2023-09-29T12:41:22","date_gmt":"2023-09-29T10:41:22","guid":{"rendered":"http:\/\/www.messinaoggi.it\/website\/?p=170798"},"modified":"2023-09-29T12:43:05","modified_gmt":"2023-09-29T10:43:05","slug":"panama-cuzzocrea-parla-di-un-hub-di-ricerca-con-litalia","status":"publish","type":"post","link":"https:\/\/www.messinaoggi.it\/website\/2023\/09\/29\/panama-cuzzocrea-parla-di-un-hub-di-ricerca-con-litalia\/","title":{"rendered":"Panama, Cuzzocrea parla di un hub di ricerca con l&#8217;Italia"},"content":{"rendered":"\n<p>Si \u00e8 svolto ieri a Panama il XIX Congresso nazionale di scienza e tecnologia organizzato dall&#8217;APANAC (Associazione panamense per l&#8217;avanzamento della scienza), a cui ha preso parte il Rettore dell&#8217;Universit\u00e0 di Messina,  Salvatore Cuzzocrea, in veste anche di Presidente della CRUI (Conferenza dei rettori delle universit\u00e0 italiane), durante il quale si \u00e8 parlato, tra i tanti temi, di sviluppo e ricerca per lo Stato americano, in cooperazione con l&#8217;Italia.<div id=\"div-gpt-ad-Messinaoggi.it-DSK-300x250-corpoart\" style=\"text-align:center;margin:0 auto;\"><\/div><\/p>\n\n\n\n<p>All&#8217;evento hanno preso parte diverse istituzioni scientifiche ed accademiche italiane oltre che delegazioni da altri Paesi dell&#8217;America Latina. Il tema di quest&#8217;anno \u00e8 &#8220;Panama: Hub de las Ciencias&#8221; (ndr hub delle scienze).Numerosi saranno i contributi italiani fino alla chiusura odierna, affidata al Professor Massimo Della Valle, dell&#8217;Istituto Nazionale di Astrofisica di Napoli. <div id=\"videoincontent\" style=\"clear:both\";><\/div><\/p>\n\n\n\n<p>Ambiente, risorse, biodiversit\u00e0, clima e spazio, ma anche insegnamento delle scienze e nuove tecnologie digitali, i temi che verranno affrontati, con i contributi di CNR (Consiglio Nazionale delle Ricerche), Universit\u00e0 di Catania, La Sapienza, LUISS, Istituto Superiore di Sanit\u00e0 e numerosi altri enti da remoto.<\/p>\n\n\n\n<p>Questo momento si \u00e8 concretizzato anche in vista di Expo 2030, a cui Roma e l&#8217;Italia hanno offerto la propria candidatura. Era infatti presente anche l&#8217;inviato per l&#8217;America latina Donato Di Santo, che sta tessendo i rapporti con i paesi del centro e sud America per la buona riuscita della proposta italiana. Il Comitato Expo 2030 Roma ha infatti preso parte alla manifestazione con un proprio spazio espositivo durante i lavori del Congresso nella giornata di ieri. <\/p>\n\n\n\n<figure class=\"wp-block-image size-large\"><img loading=\"lazy\" width=\"844\" height=\"1024\" src=\"http:\/\/www.messinaoggi.it\/website\/wp-content\/uploads\/2023\/09\/IMG-20230928-WA0050-844x1024.jpg\" alt=\"\" class=\"wp-image-170800\" srcset=\"https:\/\/www.messinaoggi.it\/website\/wp-content\/uploads\/2023\/09\/IMG-20230928-WA0050-844x1024.jpg 844w, https:\/\/www.messinaoggi.it\/website\/wp-content\/uploads\/2023\/09\/IMG-20230928-WA0050-247x300.jpg 247w, https:\/\/www.messinaoggi.it\/website\/wp-content\/uploads\/2023\/09\/IMG-20230928-WA0050-768x932.jpg 768w, https:\/\/www.messinaoggi.it\/website\/wp-content\/uploads\/2023\/09\/IMG-20230928-WA0050-1266x1536.jpg 1266w, https:\/\/www.messinaoggi.it\/website\/wp-content\/uploads\/2023\/09\/IMG-20230928-WA0050.jpg 1688w\" sizes=\"(max-width: 844px) 100vw, 844px\" \/><figcaption>Il Rettore Salvatore Cuzzocrea <\/figcaption><\/figure>\n\n\n\n<p>Il Rettore ha portato il saluto della Ministra dell&#8217;Universit\u00e0 e della Ricerca Annamaria Bernini e delle universit\u00e0 italiane ed ha discusso con i rappresentanti locali delle possibilit\u00e0 che si prospettano con una collaborazione tra i due Paesi. <\/p>\n\n\n\n<p>In particolare, Cuzzocrea ha spiegato come possa nascere un hub scientifico e di ricerca comune che pu\u00f2 portare ad uno sviluppo economico e scientifico reciproco. Cuzzocrea ha infatti sottolineato come l&#8217;Italia sia &#8220;al quarto posto nell&#8217;ambito della ricerca mondiale&#8221;, e questa pu\u00f2 essere un&#8217;ottima opportunit\u00e0 sia per Panama che per l&#8217;Italia.<\/p>\n\n\n\n<p><strong>Michele Bruno.<\/strong><\/p>\n","protected":false},"excerpt":{"rendered":"<p>Si \u00e8 svolto ieri a Panama il XIX Congresso nazionale di scienza e tecnologia organizzato dall&#8217;APANAC (Associazione panamense per l&#8217;avanzamento della scienza), a cui ha preso parte il Rettore dell&#8217;Universit\u00e0 di Messina, Salvatore Cuzzocrea, in veste anche di Presidente della CRUI (Conferenza dei rettori delle universit\u00e0 italiane), durante il quale si \u00e8 parlato, tra i [&hellip;]<\/p>\n","protected":false},"author":15,"featured_media":170799,"comment_status":"open","ping_status":"open","sticky":false,"template":"","format":"standard","meta":{"ub_ctt_via":"","_mi_skip_tracking":false},"categories":[6],"tags":[2868,8779,8777,8778,1487,1607],"featured_image_src":"https:\/\/www.messinaoggi.it\/website\/wp-content\/uploads\/2023\/09\/IMG-20230928-WA0048.jpg","author_info":{"display_name":"red.me","author_link":"https:\/\/www.messinaoggi.it\/website\/author\/red-me\/"},"digistream_id":0,"digistream":false,"_links":{"self":[{"href":"https:\/\/www.messinaoggi.it\/website\/wp-json\/wp\/v2\/posts\/170798"}],"collection":[{"href":"https:\/\/www.messinaoggi.it\/website\/wp-json\/wp\/v2\/posts"}],"about":[{"href":"https:\/\/www.messinaoggi.it\/website\/wp-json\/wp\/v2\/types\/post"}],"author":[{"embeddable":true,"href":"https:\/\/www.messinaoggi.it\/website\/wp-json\/wp\/v2\/users\/15"}],"replies":[{"embeddable":true,"href":"https:\/\/www.messinaoggi.it\/website\/wp-json\/wp\/v2\/comments?post=170798"}],"version-history":[{"count":2,"href":"https:\/\/www.messinaoggi.it\/website\/wp-json\/wp\/v2\/posts\/170798\/revisions"}],"predecessor-version":[{"id":170802,"href":"https:\/\/www.messinaoggi.it\/website\/wp-json\/wp\/v2\/posts\/170798\/revisions\/170802"}],"wp:featuredmedia":[{"embeddable":true,"href":"https:\/\/www.messinaoggi.it\/website\/wp-json\/wp\/v2\/media\/170799"}],"wp:attachment":[{"href":"https:\/\/www.messinaoggi.it\/website\/wp-json\/wp\/v2\/media?parent=170798"}],"wp:term":[{"taxonomy":"category","embeddable":true,"href":"https:\/\/www.messinaoggi.it\/website\/wp-json\/wp\/v2\/categories?post=170798"},{"taxonomy":"post_tag","embeddable":true,"href":"https:\/\/www.messinaoggi.it\/website\/wp-json\/wp\/v2\/tags?post=170798"}],"curies":[{"name":"wp","href":"https:\/\/api.w.org\/{rel}","templated":true}]}}