{"id":17075,"date":"2018-03-19T09:39:55","date_gmt":"2018-03-19T08:39:55","guid":{"rendered":"http:\/\/www.messinaoggi.it\/website\/?p=17075"},"modified":"2018-03-19T09:39:55","modified_gmt":"2018-03-19T08:39:55","slug":"laimo-e-cannistraci-maggiori-controlli-sul-viale-giostra-e-annunziata","status":"publish","type":"post","link":"https:\/\/www.messinaoggi.it\/website\/2018\/03\/19\/laimo-e-cannistraci-maggiori-controlli-sul-viale-giostra-e-annunziata\/","title":{"rendered":"Laimo e Cannistraci: &quot;Maggiori controlli sul viale Giostra e Annunziata&quot;"},"content":{"rendered":"<p>A pochi giorni dall&#8217;incidente sul viale Giostra davanti la scuola superiore &#8220;Antonello&#8221;, che ha visto coinvolti due giovani studenti ed un&#8217;autovettura che li ha centrati in pieno, il vice presidente della V Circoscrizione Franco Laimo e Marcello Cannistraci rompono il silenzio e sollecitano interventi: &#8220;Da tempo chiediamo che la zona venga sottoposta a maggiori controlli sulla viabilit\u00e0, soprattutto da quando \u00e8 aperto lo svincolo autostradale sia in entrata che in uscita che vede passare da quel lungo vialone molte pi\u00f9 autovetture e mezzi pesanti di prima&#8221;.<br \/>\nNei giorni del marted\u00ec e del venerd\u00ec in pi\u00f9 la circolazione \u00e8 congestionata vista la presenza del mercato rionale di Giostra e cadere vittima di un investimento o tamponamento non \u00e8 poi cos\u00ec difficile o complicato. Abbiamo richiesto l&#8217;ausilio di pattuglie dei vigili urbani soprattutto nelle ore in cui gli alunni entrano ed escono da scuola, ma purtroppo non si \u00e8 mai realizzata concretamente e di fatto questa nostra richiesta&#8221;.<br \/>\nSecondo Laimo e Cannistraci &#8220;il problema non riguarda soltanto il viale Giostra, ma anche il viale Annunziata, dove sorgono altre scuole importanti e molto frequentate&#8221;; Laimo\u00a0 e Cannistraci avevano richiesto, proprio dinanzi agli istituti scolastici (sia del viale Giostra che dell&#8217;Annunziata), di poter realizzare degli attraversamenti pedonali rialzati, ovvero quelli per ipovedenti, che al tempo stesso mirano a diminuire la velocit\u00e0 delle auto.<br \/>\n&#8220;La situazione \u00e8 precaria &#8211; conclude la nota &#8211; e se non vogliamo che si ripetano ulteriori incidenti di poveri ragazzi, o comunque dell&#8217;ignaro passante, occorre prendere celeri provvedimenti&#8221;.<div id=\"div-gpt-ad-Messinaoggi.it-DSK-300x250-corpoart\" style=\"text-align:center;margin:0 auto;\"><\/div><\/p>\n<div id=\"videoincontent\" style=\"clear:both\";><\/div>","protected":false},"excerpt":{"rendered":"<p>A pochi giorni dall&#8217;incidente sul viale Giostra davanti la scuola superiore &#8220;Antonello&#8221;, che ha visto coinvolti due giovani studenti ed un&#8217;autovettura che li ha centrati in pieno, il vice presidente della V Circoscrizione Franco Laimo e Marcello Cannistraci rompono il silenzio e sollecitano interventi: &#8220;Da tempo chiediamo che la zona venga sottoposta a maggiori controlli [&hellip;]<\/p>\n","protected":false},"author":2,"featured_media":16895,"comment_status":"closed","ping_status":"open","sticky":false,"template":"","format":"standard","meta":{"ub_ctt_via":"","_mi_skip_tracking":false},"categories":[5],"tags":[],"featured_image_src":"https:\/\/www.messinaoggi.it\/website\/wp-content\/uploads\/2018\/03\/7BB77A7D-3370-4494-B9F0-508F3195A891-1.jpeg","author_info":{"display_name":"Redazione","author_link":"https:\/\/www.messinaoggi.it\/website\/author\/redazione\/"},"digistream_id":0,"digistream":false,"_links":{"self":[{"href":"https:\/\/www.messinaoggi.it\/website\/wp-json\/wp\/v2\/posts\/17075"}],"collection":[{"href":"https:\/\/www.messinaoggi.it\/website\/wp-json\/wp\/v2\/posts"}],"about":[{"href":"https:\/\/www.messinaoggi.it\/website\/wp-json\/wp\/v2\/types\/post"}],"author":[{"embeddable":true,"href":"https:\/\/www.messinaoggi.it\/website\/wp-json\/wp\/v2\/users\/2"}],"replies":[{"embeddable":true,"href":"https:\/\/www.messinaoggi.it\/website\/wp-json\/wp\/v2\/comments?post=17075"}],"version-history":[{"count":0,"href":"https:\/\/www.messinaoggi.it\/website\/wp-json\/wp\/v2\/posts\/17075\/revisions"}],"wp:featuredmedia":[{"embeddable":true,"href":"https:\/\/www.messinaoggi.it\/website\/wp-json\/wp\/v2\/media\/16895"}],"wp:attachment":[{"href":"https:\/\/www.messinaoggi.it\/website\/wp-json\/wp\/v2\/media?parent=17075"}],"wp:term":[{"taxonomy":"category","embeddable":true,"href":"https:\/\/www.messinaoggi.it\/website\/wp-json\/wp\/v2\/categories?post=17075"},{"taxonomy":"post_tag","embeddable":true,"href":"https:\/\/www.messinaoggi.it\/website\/wp-json\/wp\/v2\/tags?post=17075"}],"curies":[{"name":"wp","href":"https:\/\/api.w.org\/{rel}","templated":true}]}}