{"id":17066,"date":"2018-03-18T23:10:51","date_gmt":"2018-03-18T22:10:51","guid":{"rendered":"http:\/\/www.messinaoggi.it\/website\/?p=17066"},"modified":"2018-03-18T23:10:51","modified_gmt":"2018-03-18T22:10:51","slug":"area-dello-stretto-labormetro-segnali-positivi-ma-serve-piu-collaborazione-tra-le-due-sponde","status":"publish","type":"post","link":"https:\/\/www.messinaoggi.it\/website\/2018\/03\/18\/area-dello-stretto-labormetro-segnali-positivi-ma-serve-piu-collaborazione-tra-le-due-sponde\/","title":{"rendered":"Area dello Stretto, Labormetro: &quot;Segnali positivi, ma serve pi\u00f9 collaborazione tra le due sponde&quot;"},"content":{"rendered":"<p style=\"text-align: justify;\"><em>\u201cRegistriamo con compiacimento che recentemente, in alcune occasioni, \u00e8 stata rilanciata la valenza strategica dell&#8217;Area dello Stretto su cui Labormetro ha sempre insistito. Difatti, nell&#8217;incontro per la consegna dei lavori per la realizzazione del secondo scalo portuale di Tremestieri, il Commissario dell&#8217;Autorit\u00e0 Portuale ha sottolineato, ragionando in termini di sistema, come l&#8217;interfaccia naturale di tale infrastruttura debba essere l&#8217;Area portuale di Reggio Calabria, data la prossimit\u00e0 alla rete ferroviaria e autostradale. Cos\u00ec come, nei giorni scorsi, si \u00e8 tenuto un importante incontro fra le &#8220;Governance&#8221; delle Camere di Commercio di Messina e di Reggio Calabria, che hanno mantenuto l&#8217;autonomia grazie alla loro localizzazione in due Citt\u00e0-Aree Metropolitane, superando cos\u00ec i criteri di ridefinizione territoriale previsti dalla riforma Madia\u201d<\/em>.<div id=\"div-gpt-ad-Messinaoggi.it-DSK-300x250-corpoart\" style=\"text-align:center;margin:0 auto;\"><\/div><\/p>\n<p style=\"text-align: justify;\">Questo il punto di vista del responsabile di Labormetro, Michele Bisignano, che sottolinea: <em>\u201cNel corso di questo incontro \u00e8 stata ribadita la necessit\u00e0 di una sempre pi\u00f9 forte sinergia fra le due realt\u00e0 metropolitane in vari settori, con particolare riferimento a quello dei trasporti e della mobilit\u00e0. Ed abbiamo apprezzato che sia stato preannunciato un percorso finalizzato non solo alla costituzione di una pur importante Agenzia per la mobilit\u00e0 nell&#8217;Area dello Stretto, ma anche di una Agenzia di Sviluppo dello Stretto, che avevamo avuto modo di proporre in passato. Ma \u00e8 necessario riprendere anche un raccordo fra le due Citt\u00e0 Metropolitane, per evitare che gli incontri che si sono svolti rimangono episodici, e riavviare le iniziative di quella Conferenza Interregionale per il coordinamento delle politiche nell&#8217;Area dello Stretto, di cui, a nostro parere, non si \u00e8 ben compresa l&#8217;importanza, e che necessita di una piena collaborazione fra le due realt\u00e0, in senso lato, di Messina e di Reggio Calabria. L&#8217;auspicio \u00e9 che anche tali temi,che guardano non alla&#8221;gestione&#8221;ma al &#8220;governo&#8221;dei territori, Ed abbiamo apprezzato che sia stato preannunciato un percorso finalizzato non solo alla costituzione di una pur importante Agenzia per la mobilit\u00e0 nell&#8217;Area dello Stretto, ma anche di una Agenzia di Sviluppo dello Stretto, che avevamo avuto modo di proporre in passato. Ma \u00e8 necessario riprendere anche un raccordo fra le due Citt\u00e0 Metropolitane, per evitare che gli incontri che si sono svolti rimangono episodici, e riavviare le iniziative di quella Conferenza Interregionale per il coordinamento delle politiche nell&#8217;Area dello Stretto, di cui, a nostro parere, non si \u00e8 ben compresa l&#8217;importanza, e che necessita di una piena collaborazione fra le due realt\u00e0, in senso lato, di Messina e di Reggio Calabria. L&#8217;auspicio \u00e9 che anche tali temi,che guardano non alla&#8221;gestione&#8221;ma al &#8220;governo&#8221;dei territori\u201d. <\/em><div id=\"videoincontent\" style=\"clear:both\";><\/div><\/p>\n<p style=\"text-align: justify;\">Poi un augurio in vista della prossima campagna elettorale: &#8220;<em>L&#8217;auspicio \u00e9 che anche tali temi,che guardano non alla&#8221;gestione&#8221;ma al &#8220;governo&#8221;dei territori, possano fare parte del confronto propositivo che dovrebbe caratterizzate la competizione per la elezione del Sindaco e del Consiglio Comunale della Citt\u00e0 di Messina,che dovrebbe essere affrontata anche nell&#8217;ottica della Citt\u00e0 Metropolitana&#8221;.<\/em><\/p>\n<p style=\"text-align: justify;\"><em>\u00a0<\/em><\/p>\n","protected":false},"excerpt":{"rendered":"<p>\u201cRegistriamo con compiacimento che recentemente, in alcune occasioni, \u00e8 stata rilanciata la valenza strategica dell&#8217;Area dello Stretto su cui Labormetro ha sempre insistito. Difatti, nell&#8217;incontro per la consegna dei lavori per la realizzazione del secondo scalo portuale di Tremestieri, il Commissario dell&#8217;Autorit\u00e0 Portuale ha sottolineato, ragionando in termini di sistema, come l&#8217;interfaccia naturale di tale [&hellip;]<\/p>\n","protected":false},"author":2,"featured_media":12472,"comment_status":"closed","ping_status":"open","sticky":false,"template":"","format":"standard","meta":{"ub_ctt_via":"","_mi_skip_tracking":false},"categories":[6],"tags":[],"featured_image_src":"https:\/\/www.messinaoggi.it\/website\/wp-content\/uploads\/2017\/12\/bisignano.jpg","author_info":{"display_name":"Redazione","author_link":"https:\/\/www.messinaoggi.it\/website\/author\/redazione\/"},"digistream_id":0,"digistream":false,"_links":{"self":[{"href":"https:\/\/www.messinaoggi.it\/website\/wp-json\/wp\/v2\/posts\/17066"}],"collection":[{"href":"https:\/\/www.messinaoggi.it\/website\/wp-json\/wp\/v2\/posts"}],"about":[{"href":"https:\/\/www.messinaoggi.it\/website\/wp-json\/wp\/v2\/types\/post"}],"author":[{"embeddable":true,"href":"https:\/\/www.messinaoggi.it\/website\/wp-json\/wp\/v2\/users\/2"}],"replies":[{"embeddable":true,"href":"https:\/\/www.messinaoggi.it\/website\/wp-json\/wp\/v2\/comments?post=17066"}],"version-history":[{"count":0,"href":"https:\/\/www.messinaoggi.it\/website\/wp-json\/wp\/v2\/posts\/17066\/revisions"}],"wp:featuredmedia":[{"embeddable":true,"href":"https:\/\/www.messinaoggi.it\/website\/wp-json\/wp\/v2\/media\/12472"}],"wp:attachment":[{"href":"https:\/\/www.messinaoggi.it\/website\/wp-json\/wp\/v2\/media?parent=17066"}],"wp:term":[{"taxonomy":"category","embeddable":true,"href":"https:\/\/www.messinaoggi.it\/website\/wp-json\/wp\/v2\/categories?post=17066"},{"taxonomy":"post_tag","embeddable":true,"href":"https:\/\/www.messinaoggi.it\/website\/wp-json\/wp\/v2\/tags?post=17066"}],"curies":[{"name":"wp","href":"https:\/\/api.w.org\/{rel}","templated":true}]}}