{"id":170621,"date":"2023-09-27T22:08:04","date_gmt":"2023-09-27T20:08:04","guid":{"rendered":"https:\/\/www.messinaoggi.it\/website\/2023\/09\/27\/nadef-pil-rivisto-al-ribasso-e-deficit-al-53-causa-superbonus\/"},"modified":"2023-09-27T22:08:04","modified_gmt":"2023-09-27T20:08:04","slug":"nadef-pil-rivisto-al-ribasso-e-deficit-al-53-causa-superbonus","status":"publish","type":"post","link":"https:\/\/www.messinaoggi.it\/website\/2023\/09\/27\/nadef-pil-rivisto-al-ribasso-e-deficit-al-53-causa-superbonus\/","title":{"rendered":"Nadef, Pil rivisto al ribasso e deficit al 5,3% causa superbonus"},"content":{"rendered":"<div>ROMA (ITALPRESS) &#8211; Il Consiglio dei ministri ha dato il via libera alla nota di aggiornamento al Def. Le stime di crescita sono riviste al ribasso rispetto alle stime formulate in primavera con il Def. Per quest&#8217;anno il Pil sara\u00e0 dello 0,8%, pr il 2024 la previsione \u00e8 fissata al +1,2%. Una stima che porta il rapporto deficit\/Pil al 4,3%, dal 3,7% del quadro tendenziale a politiche invariate. Il rapporto debito pubblico\/Pil si attesta al 140,1% e il tasso di disoccupazione al 7,3%.<br \/>\n&#8220;Abbiamo aggiornato il quadro economico in relazione a due fattori: la politica monetaria restrittiva e le conseguenze del conflitto in Ucraina. Il Pil aggiornato per quest&#8217;anno \u00e8 dello 0,8%, l&#8217;1,2% per il 2024, l&#8217;1,4% per il 2025, l&#8217;1,6% per il 2026&#8221;, ha detto il ministro dell&#8217;Economia, Giancarlo Giorgetti, nella conferenza stampa al termine del Consiglio dei ministri.<br \/>\n&#8220;Abbiamo aggiornato gli obiettivi di finanza pubblica di cui abbiamo dato notizia alla Commissione europea: per quest&#8217;anno l&#8217;indebitamento netto sale al 5,3%, con un aumento dello 0,9% a causa dei bonus edilizi. L&#8217;anno prossimo abbiamo posto l&#8217;asticella al 4,3% e questo dovrebbe permetterci di confermare interventi indispensabili, in particolare il taglio del cuneo fiscale, misure premiali per la natalit\u00e0 e il rinnovo del contratto del pubblico impiego&#8221;, ha afggiunto. &#8220;Il debito pubblico \u00e8 sostanzialmente stabilizzato, non diminuisce come auspicato per il conto da pagare del superbonus&#8221;, ha spiegato.<br \/>\nPer il ministro &#8220;il quadro di finanza pubblica si ispira a un principio di seriet\u00e0 e responsabilit\u00e0. Ci inserisce in un quadro di ridiscussione delle regole del patto di stabilit\u00e0. Riteniamo di aver fatto le cose giuste. Non rispettiamo il famoso 3% del deficit\/Pil date le condizioni, ma l&#8217;asticella \u00e8 stata posta a un livello di assoluta ragionevolezza&#8221;.<br \/>\nIn un post su Facebook, il premier Giorgia Meloni ha sottolineato come &#8220;oggi il Governo ha approvato alcuni importanti provvedimenti. Abbiamo varato la Nadef, ovvero la cornice che definisce la prossima legge di bilancio. Stiamo lavorando per scrivere una manovra economica all&#8217;insegna della seriet\u00e0 e del buon senso. E che mantenga gli impegni che abbiamo preso con gli italiani: basta con gli sprechi del passato, tutte le risorse disponibili destinate a sostenere i redditi pi\u00f9 bassi, tagliare le tasse e aiutare le famiglie&#8221;.<br \/>\n(ITALPRESS).<br \/>\n&#8211; Foto: Palazzo Chigi &#8211;<\/div>\n<div id=\"div-gpt-ad-Messinaoggi.it-DSK-300x250-corpoart\" style=\"text-align:center;margin:0 auto;\"><\/div><\/p><div id=\"videoincontent\" style=\"clear:both\";><\/div>","protected":false},"excerpt":{"rendered":"<p>ROMA (ITALPRESS) &#8211; Il Consiglio dei ministri ha dato il via libera alla nota di aggiornamento al Def. Le stime di crescita sono riviste al ribasso rispetto alle stime formulate in primavera con il Def. Per quest&#8217;anno il Pil sara\u00e0 dello 0,8%, pr il 2024 la previsione \u00e8 fissata al +1,2%. Una stima che porta [&hellip;]<\/p>\n","protected":false},"author":18,"featured_media":170622,"comment_status":"closed","ping_status":"closed","sticky":false,"template":"","format":"standard","meta":{"ub_ctt_via":"","_mi_skip_tracking":false},"categories":[446],"tags":[783],"featured_image_src":"https:\/\/www.messinaoggi.it\/website\/wp-content\/uploads\/2023\/09\/20230927_2613.jpg","author_info":{"display_name":"Admin","author_link":"https:\/\/www.messinaoggi.it\/website\/author\/admin\/"},"digistream_id":0,"digistream":false,"_links":{"self":[{"href":"https:\/\/www.messinaoggi.it\/website\/wp-json\/wp\/v2\/posts\/170621"}],"collection":[{"href":"https:\/\/www.messinaoggi.it\/website\/wp-json\/wp\/v2\/posts"}],"about":[{"href":"https:\/\/www.messinaoggi.it\/website\/wp-json\/wp\/v2\/types\/post"}],"author":[{"embeddable":true,"href":"https:\/\/www.messinaoggi.it\/website\/wp-json\/wp\/v2\/users\/18"}],"replies":[{"embeddable":true,"href":"https:\/\/www.messinaoggi.it\/website\/wp-json\/wp\/v2\/comments?post=170621"}],"version-history":[{"count":0,"href":"https:\/\/www.messinaoggi.it\/website\/wp-json\/wp\/v2\/posts\/170621\/revisions"}],"wp:featuredmedia":[{"embeddable":true,"href":"https:\/\/www.messinaoggi.it\/website\/wp-json\/wp\/v2\/media\/170622"}],"wp:attachment":[{"href":"https:\/\/www.messinaoggi.it\/website\/wp-json\/wp\/v2\/media?parent=170621"}],"wp:term":[{"taxonomy":"category","embeddable":true,"href":"https:\/\/www.messinaoggi.it\/website\/wp-json\/wp\/v2\/categories?post=170621"},{"taxonomy":"post_tag","embeddable":true,"href":"https:\/\/www.messinaoggi.it\/website\/wp-json\/wp\/v2\/tags?post=170621"}],"curies":[{"name":"wp","href":"https:\/\/api.w.org\/{rel}","templated":true}]}}