{"id":170597,"date":"2023-09-27T21:09:43","date_gmt":"2023-09-27T19:09:43","guid":{"rendered":"http:\/\/www.messinaoggi.it\/website\/?p=170597"},"modified":"2023-09-27T21:58:19","modified_gmt":"2023-09-27T19:58:19","slug":"liberty-lines-atm-e-atam-via-libera-al-biglietto-unico","status":"publish","type":"post","link":"https:\/\/www.messinaoggi.it\/website\/2023\/09\/27\/liberty-lines-atm-e-atam-via-libera-al-biglietto-unico\/","title":{"rendered":"Liberty Lines, Atm e Atam: via libera al biglietto unico"},"content":{"rendered":"\n<p>&#8220;La sottoscrizione del biglietto integrato tra Atm, Atam e liberty Lines \u00e8 un passo avanti verso una vera area metropolitana dello Stretto &#8211; dichiara Michele Barresi segretario generale Uiltrasporti Messina &#8211; che passa da inter modalit\u00e0 e integrazione tariffaria. Da sempre la Uiltrasporti \u00e8 convinta che l\u2019integrazione dell\u2019area dello stretto si concretizza solamente garantendo il pieno diritto alla mobilit\u00e0 dei suoi abitanti dando senso e valore all\u2019area metropolitana di Messina e Reggio Calabria.<br>In tal senso \u00e8 positiva l\u2019integrazione tariffaria tra le aziende di trasporto pubblico locale di Messina, Reggio Calabria ed il vettore marittimo Liberty line concretizzata al tavolo tecnico convocato dall&#8217;Ammiraglio Nunzio Martello e riunitosi all&#8217;Universit\u00e0 degli Studi. Liberty lines mostra di iniziare con il piglio giusto la nuova esperienza dal 1 ottobre nei collegamenti tra le due sponde &#8211; continua Barresi &#8211; esprimiamo soddisfazione ed al tempo stesso restiamo convinti che occorra insistere su una maggiore frequenza nei collegamenti tra le due sponde , con la piena sinergia anche nei collegamenti ferroviari regionali calabresi e siciliani. Occorre garantire al cittadino dell\u2019area dello Stretto un servizio di maggiore qualit\u00e0 , con tariffe sociali che ci auguriamo vengano con l\u2019intervento dello Stato adeguatamente calmierate , con maggiori frequenze nei collegamenti tra le due sponde, anche nei fine settimana in cui oggi il numero di corse marittime \u00e8 ancora troppo esiguo&#8221;. Tenuto conto che \u00e8 in via di definizione da parte del MIT la costituzione del Bacino integrato dello Stretto, i tre vettori, hanno siglato il Protocollo d\u2019intesa finalizzato alla istituzione, in via sperimentale, di un sistema di bigliettazione integrata, nell\u2019ambito dei territori di competenza delle aziende convolte, valido per alcune tipologie di titoli di viaggio acquistabili in formato elettronico. Il documento \u00e8 stato firmato da Giuseppe Campagna, presidente di Atm Messina; Giuseppe Basile, amministratore delegato di Atam Reggio Calabria, e Nunzio Formica, amministratore delegato di Liberty Lines, alla presenza dell\u2019ammiraglio Nunzio Martello. Collegato in videoconferenza il ministro dei Trasporti, Matteo Salvini.<div id=\"div-gpt-ad-Messinaoggi.it-DSK-300x250-corpoart\" style=\"text-align:center;margin:0 auto;\"><\/div><\/p>\n\n\n\n<p>\u201cLa firma del protocollo d\u2019intesa aggiunge un altro importante tassello verso il traguardo del biglietto integrato dello Stretto. Un progetto iniziato nel 2019 e portato avanti dalla nostra amministrazione attraverso la partecipata Atm. Un biglietto unico che agevoler\u00e0 gli spostamenti dei pendolari delle due citt\u00e0, nella prospettiva di una vera area integrata dello Stretto e che porter\u00e0 alla cosiddetta conurbazione delle citt\u00e0 di Messina e Reggio Calabria\u201d. Lo afferma il sindaco di Messina, Federico Basile. &#8220;Si \u00e8 concluso un percorso iniziato nel 2019 che consentir\u00e0 l\u2019avvio del biglietto integrato dello Stretto\u201d. \u00c8 quanto ha espresso il vice sindaco Salvatore Mondello che ha preso parte all\u2019incontro,. \u201cFinalmente si partir\u00e0 con il biglietto integrato dello Stretto &#8211; ha proseguito il vicesindaco Mondello &#8211; che consentir\u00e0 ai pendolari di utilizzare un unico titolo di viaggio per gli spostamenti sui mezzi di trasporto locali sia terrestri che navali. Un risultato importante sul tema della mobilit\u00e0 dello Stretto rivolto al future, al fine di assicurare la sostenibilit\u00e0 ambientale attraverso una sinergia di intenti interistituzionale tra Comune di Messina, Atm SpA, Universit\u00e0 e i Comuni della sponda calabra, Villa San Giovanni e Reggio\u201d.<div id=\"videoincontent\" style=\"clear:both\";><\/div><\/p>\n\n\n\n<p>\u201cIl biglietto integrato \u00e8 un risultato importante per l&#8217;area dello Stretto e per le citt\u00e0 di Messina e Reggio Calabria. Siamo soddisfatti del ruolo da protagonista che Atm Spa ha avuto per il raggiungimento di questo traguardo atteso da tanto tempo. Certamente oggi la nostra azienda \u00e8 in grado di garantire ai pendolari che quotidianamente si spostano da una sponda all&#8217;altra dello Stretto un servizio moderno ed efficiente \u201d. il commento del presidente Pippo Campagna. Il direttore generale Claudio Iozzi: &#8220;Per l&#8217;area dello Stretto oggi una data significativa e lo \u00e8 anche per Atm Spa, che ha collaborato attivamente affinch\u00e9 il biglietto integrato diventasse realt\u00e0 dopo anni di attesa&#8221;.<\/p>\n","protected":false},"excerpt":{"rendered":"<p>&#8220;La sottoscrizione del biglietto integrato tra Atm, Atam e liberty Lines \u00e8 un passo avanti verso una vera area metropolitana dello Stretto &#8211; dichiara Michele Barresi segretario generale Uiltrasporti Messina &#8211; che passa da inter modalit\u00e0 e integrazione tariffaria. Da sempre la Uiltrasporti \u00e8 convinta che l\u2019integrazione dell\u2019area dello stretto si concretizza solamente garantendo il [&hellip;]<\/p>\n","protected":false},"author":4,"featured_media":170619,"comment_status":"open","ping_status":"open","sticky":false,"template":"","format":"standard","meta":{"ub_ctt_via":"","_mi_skip_tracking":false},"categories":[19],"tags":[1004,1152,70],"featured_image_src":"https:\/\/www.messinaoggi.it\/website\/wp-content\/uploads\/2023\/09\/IMG-20230927-WA0047.jpg","author_info":{"display_name":"redme","author_link":"https:\/\/www.messinaoggi.it\/website\/author\/redme\/"},"digistream_id":0,"digistream":false,"_links":{"self":[{"href":"https:\/\/www.messinaoggi.it\/website\/wp-json\/wp\/v2\/posts\/170597"}],"collection":[{"href":"https:\/\/www.messinaoggi.it\/website\/wp-json\/wp\/v2\/posts"}],"about":[{"href":"https:\/\/www.messinaoggi.it\/website\/wp-json\/wp\/v2\/types\/post"}],"author":[{"embeddable":true,"href":"https:\/\/www.messinaoggi.it\/website\/wp-json\/wp\/v2\/users\/4"}],"replies":[{"embeddable":true,"href":"https:\/\/www.messinaoggi.it\/website\/wp-json\/wp\/v2\/comments?post=170597"}],"version-history":[{"count":2,"href":"https:\/\/www.messinaoggi.it\/website\/wp-json\/wp\/v2\/posts\/170597\/revisions"}],"predecessor-version":[{"id":170620,"href":"https:\/\/www.messinaoggi.it\/website\/wp-json\/wp\/v2\/posts\/170597\/revisions\/170620"}],"wp:featuredmedia":[{"embeddable":true,"href":"https:\/\/www.messinaoggi.it\/website\/wp-json\/wp\/v2\/media\/170619"}],"wp:attachment":[{"href":"https:\/\/www.messinaoggi.it\/website\/wp-json\/wp\/v2\/media?parent=170597"}],"wp:term":[{"taxonomy":"category","embeddable":true,"href":"https:\/\/www.messinaoggi.it\/website\/wp-json\/wp\/v2\/categories?post=170597"},{"taxonomy":"post_tag","embeddable":true,"href":"https:\/\/www.messinaoggi.it\/website\/wp-json\/wp\/v2\/tags?post=170597"}],"curies":[{"name":"wp","href":"https:\/\/api.w.org\/{rel}","templated":true}]}}