{"id":170559,"date":"2023-09-27T16:08:07","date_gmt":"2023-09-27T14:08:07","guid":{"rendered":"https:\/\/www.messinaoggi.it\/website\/2023\/09\/27\/basket-kellogg-italia-rinnova-un-campo-a-reggio-emilia-con-belinelli\/"},"modified":"2023-09-27T16:08:07","modified_gmt":"2023-09-27T14:08:07","slug":"basket-kellogg-italia-rinnova-un-campo-a-reggio-emilia-con-belinelli","status":"publish","type":"post","link":"https:\/\/www.messinaoggi.it\/website\/2023\/09\/27\/basket-kellogg-italia-rinnova-un-campo-a-reggio-emilia-con-belinelli\/","title":{"rendered":"Basket, Kellogg Italia rinnova un campo a Reggio Emilia con Belinelli"},"content":{"rendered":"<div>REGGIO EMILIA (ITALPRESS) &#8211; Latte, cereali, frutta e attivit\u00e0 fisica: questi i temi portati in campo da Kellogg durante l&#8217;evento di inaugurazione del campo da basket Noce Nero che ha riqualificato a Reggio Emilia, in linea con l&#8217;iniziativa &#8220;Better Days&#8221;. All&#8217;evento di apertura dedicato alla comunit\u00e0 emiliana anche Marco Belinelli, stella italiana del basket, che ha ricordato l&#8217;importanza del binomio movimento e corrette abitudini alimentari per mantenersi in salute.<br \/>Insieme a Belinelli, che ha giocato a basket con i ragazzi, anche Virginia Gambardella, divulgatrice e imprenditrice digitale appassionata di benessere, che ha intrattenuto i presenti in attivit\u00e0 ludico formative sul tema della sana alimentazione.<br \/>&#8220;Con l&#8217;iniziativa locale Better Days &#8211; ha detto Elisa Tudino, Brand Activation Lead di Kellogg Italia &#8211; promuoviamo uno stile di vita sano a favore di persone e comunit\u00e0. L&#8217;inaugurazione di Reggio Emilia \u00e8 la seconda tappa di quest&#8217;anno. A giugno abbiamo inaugurato un campo completamente riqualificato a Milano, nel quartiere QT8. Anche durante la prima tappa gli Ambassador dell&#8217;iniziativa, Belinelli e Virginia Gambardella, si sono uniti a noi&#8221;.<br \/>Per i giovanissimi poter confrontarsi con una star della pallacanestro come Belinelli, che per anni ha giocato negli States, in NBA, \u00e8 stato emozionante. Il cestista ha firmato a lungo autografi e posato per selfie con i ragazzi. Sull&#8217;importanza di avere un campetto da basket dove allenarsi ha detto: &#8220;Penso che frequentare un campetto e dimostrare l&#8217;amore per questo sport sia importante. Nella vita possono arrivare trofei, come \u00e8 successo a me, ma la cosa che mi sento di dire ai pi\u00f9 giovani \u00e8 che bisogna divertirsi e continuare a credere nei propri sogni&#8221;.<br \/>Il basket \u00e8 da sempre uno sport caro a Kellogg: &#8220;L&#8217;associazione con il mondo dello sport ci permette di sensibilizzare i consumatori sull&#8217;importanza di uno stile di vita sano, che passa attraverso il binomio nutrizione-attivit\u00e0 fisica. Inoltre, uno sport di squadra come il basket \u00e8 in linea con i valori della nostra azienda, dove si fa grande attenzione al concetto di team e si collabora per un obiettivo comune, contribuendo alla creazione di un&#8217;atmosfera positiva e di sostegno reciproco. Da quest&#8217;anno inoltre siamo anche partner ufficiale di NBA&#8221;, ha detto ancora Tudino.<br \/>L&#8217;impegno di Kellogg per promuovere benessere di persone e comunit\u00e0 continuer\u00e0 poi nei prossimi mesi con un&#8217;iniziativa volta a coinvolgere i consumatori in un concorso a premi &#8216;Il buongiorno si vede dalla colazion\u00e8. Questo concorso dar\u00e0 ai consumatori l&#8217;opportunit\u00e0 non solo di vincere buoni ma anche di contribuire a donare una colazione a favore del progetto &#8216;Breakfast Club&#8217;, progetto unico dell&#8217;azienda agroalimentare in partnership con Croce Rossa Italiana. Durante l&#8217;anno scolastico 2022-23 infatti, 245 volontari della Croce Rossa hanno distribuito oltre 90.000 colazioni bilanciate a pi\u00f9 di 1.600 beneficiari in 14 scuole e organizzato pi\u00f9 di 800 giornate dedicate ai temi legati alla sana alimentazione.<div id=\"div-gpt-ad-Messinaoggi.it-DSK-300x250-corpoart\" style=\"text-align:center;margin:0 auto;\"><\/div><\/p>\n<p>&#8211; foto f03\/Italpress &#8211;<br \/>(ITALPRESS).<\/div>\n<div id=\"videoincontent\" style=\"clear:both\";><\/div>","protected":false},"excerpt":{"rendered":"<p>REGGIO EMILIA (ITALPRESS) &#8211; Latte, cereali, frutta e attivit\u00e0 fisica: questi i temi portati in campo da Kellogg durante l&#8217;evento di inaugurazione del campo da basket Noce Nero che ha riqualificato a Reggio Emilia, in linea con l&#8217;iniziativa &#8220;Better Days&#8221;. All&#8217;evento di apertura dedicato alla comunit\u00e0 emiliana anche Marco Belinelli, stella italiana del basket, che [&hellip;]<\/p>\n","protected":false},"author":18,"featured_media":0,"comment_status":"closed","ping_status":"closed","sticky":false,"template":"","format":"standard","meta":{"ub_ctt_via":"","_mi_skip_tracking":false},"categories":[446],"tags":[783],"featured_image_src":null,"author_info":{"display_name":"Admin","author_link":"https:\/\/www.messinaoggi.it\/website\/author\/admin\/"},"digistream_id":0,"digistream":false,"_links":{"self":[{"href":"https:\/\/www.messinaoggi.it\/website\/wp-json\/wp\/v2\/posts\/170559"}],"collection":[{"href":"https:\/\/www.messinaoggi.it\/website\/wp-json\/wp\/v2\/posts"}],"about":[{"href":"https:\/\/www.messinaoggi.it\/website\/wp-json\/wp\/v2\/types\/post"}],"author":[{"embeddable":true,"href":"https:\/\/www.messinaoggi.it\/website\/wp-json\/wp\/v2\/users\/18"}],"replies":[{"embeddable":true,"href":"https:\/\/www.messinaoggi.it\/website\/wp-json\/wp\/v2\/comments?post=170559"}],"version-history":[{"count":0,"href":"https:\/\/www.messinaoggi.it\/website\/wp-json\/wp\/v2\/posts\/170559\/revisions"}],"wp:attachment":[{"href":"https:\/\/www.messinaoggi.it\/website\/wp-json\/wp\/v2\/media?parent=170559"}],"wp:term":[{"taxonomy":"category","embeddable":true,"href":"https:\/\/www.messinaoggi.it\/website\/wp-json\/wp\/v2\/categories?post=170559"},{"taxonomy":"post_tag","embeddable":true,"href":"https:\/\/www.messinaoggi.it\/website\/wp-json\/wp\/v2\/tags?post=170559"}],"curies":[{"name":"wp","href":"https:\/\/api.w.org\/{rel}","templated":true}]}}