{"id":170495,"date":"2023-09-27T10:08:00","date_gmt":"2023-09-27T08:08:00","guid":{"rendered":"https:\/\/www.messinaoggi.it\/website\/2023\/09\/27\/tpl-salvini-firma-la-precettazione-per-lo-sciopero-di-venerdi\/"},"modified":"2023-09-27T10:08:00","modified_gmt":"2023-09-27T08:08:00","slug":"tpl-salvini-firma-la-precettazione-per-lo-sciopero-di-venerdi","status":"publish","type":"post","link":"https:\/\/www.messinaoggi.it\/website\/2023\/09\/27\/tpl-salvini-firma-la-precettazione-per-lo-sciopero-di-venerdi\/","title":{"rendered":"Tpl, Salvini firma la precettazione per lo sciopero di venerd\u00ec"},"content":{"rendered":"<div>ROMA (ITALPRESS) &#8211; Matteo Salvini ha firmato la precettazione per lo sciopero del trasporto pubblico locale programmato venerd\u00ec 29 settembre. La mobilitazione, proclamata per 24 ore, sar\u00e0 solo di 4. Cos\u00ec una nota del Mit.<div id=\"div-gpt-ad-Messinaoggi.it-DSK-300x250-corpoart\" style=\"text-align:center;margin:0 auto;\"><\/div><\/p>\n<p>&#8211; foto: Agenzia Fotogramma &#8211;<br \/>(ITALPRESS).<\/div>\n<div id=\"videoincontent\" style=\"clear:both\";><\/div>","protected":false},"excerpt":{"rendered":"<p>ROMA (ITALPRESS) &#8211; Matteo Salvini ha firmato la precettazione per lo sciopero del trasporto pubblico locale programmato venerd\u00ec 29 settembre. La mobilitazione, proclamata per 24 ore, sar\u00e0 solo di 4. Cos\u00ec una nota del Mit. &#8211; foto: Agenzia Fotogramma &#8211;(ITALPRESS).<\/p>\n","protected":false},"author":18,"featured_media":170496,"comment_status":"closed","ping_status":"closed","sticky":false,"template":"","format":"standard","meta":{"ub_ctt_via":"","_mi_skip_tracking":false},"categories":[446],"tags":[783],"featured_image_src":"https:\/\/www.messinaoggi.it\/website\/wp-content\/uploads\/2023\/09\/20230927_0119.jpg","author_info":{"display_name":"Admin","author_link":"https:\/\/www.messinaoggi.it\/website\/author\/admin\/"},"digistream_id":0,"digistream":false,"_links":{"self":[{"href":"https:\/\/www.messinaoggi.it\/website\/wp-json\/wp\/v2\/posts\/170495"}],"collection":[{"href":"https:\/\/www.messinaoggi.it\/website\/wp-json\/wp\/v2\/posts"}],"about":[{"href":"https:\/\/www.messinaoggi.it\/website\/wp-json\/wp\/v2\/types\/post"}],"author":[{"embeddable":true,"href":"https:\/\/www.messinaoggi.it\/website\/wp-json\/wp\/v2\/users\/18"}],"replies":[{"embeddable":true,"href":"https:\/\/www.messinaoggi.it\/website\/wp-json\/wp\/v2\/comments?post=170495"}],"version-history":[{"count":0,"href":"https:\/\/www.messinaoggi.it\/website\/wp-json\/wp\/v2\/posts\/170495\/revisions"}],"wp:featuredmedia":[{"embeddable":true,"href":"https:\/\/www.messinaoggi.it\/website\/wp-json\/wp\/v2\/media\/170496"}],"wp:attachment":[{"href":"https:\/\/www.messinaoggi.it\/website\/wp-json\/wp\/v2\/media?parent=170495"}],"wp:term":[{"taxonomy":"category","embeddable":true,"href":"https:\/\/www.messinaoggi.it\/website\/wp-json\/wp\/v2\/categories?post=170495"},{"taxonomy":"post_tag","embeddable":true,"href":"https:\/\/www.messinaoggi.it\/website\/wp-json\/wp\/v2\/tags?post=170495"}],"curies":[{"name":"wp","href":"https:\/\/api.w.org\/{rel}","templated":true}]}}