{"id":170474,"date":"2023-09-27T08:00:00","date_gmt":"2023-09-27T06:00:00","guid":{"rendered":"http:\/\/www.messinaoggi.it\/website\/?p=170474"},"modified":"2023-09-27T08:05:29","modified_gmt":"2023-09-27T06:05:29","slug":"posti-letto-unime-udu-protesta-e-chiede-chiarezza-al-rettore","status":"publish","type":"post","link":"https:\/\/www.messinaoggi.it\/website\/2023\/09\/27\/posti-letto-unime-udu-protesta-e-chiede-chiarezza-al-rettore\/","title":{"rendered":"Posti letto Unime, Udu protesta e chiede chiarezza al Rettore"},"content":{"rendered":"\n<p>Questa settimana vede gli studenti dell\u2019Unione degli Universitari impegnati in una mobilitazione in tutta Italia contro il caro studio, il caro affitti e la carenza di posti letto pubblici. L\u2019Unione degli Universitari di Messina, con tende e valige, si \u00e8 ritrovata ieri pomeriggio davanti al Rettorato in appoggio alla protesta nazionale, cogliendo questa occasione anche per &#8220;denunciare &#8211; scrivono in una nota &#8211; la particolare situazione dei posti letto in arrivo, grazie ai fondi del PNRR e le differenze e gli ostacoli che, chi sceglie volontariamente di restare nella propria terra, per completare il proprio percorso di studi, deve necessariamente affrontare&#8221;.<div id=\"div-gpt-ad-Messinaoggi.it-DSK-300x250-corpoart\" style=\"text-align:center;margin:0 auto;\"><\/div><\/p>\n\n\n\n<figure class=\"wp-block-image size-large\"><img loading=\"lazy\" width=\"769\" height=\"1024\" src=\"http:\/\/www.messinaoggi.it\/website\/wp-content\/uploads\/2023\/09\/IMG-20230926-WA0025-769x1024.jpg\" alt=\"\" class=\"wp-image-170478\" srcset=\"https:\/\/www.messinaoggi.it\/website\/wp-content\/uploads\/2023\/09\/IMG-20230926-WA0025-769x1024.jpg 769w, https:\/\/www.messinaoggi.it\/website\/wp-content\/uploads\/2023\/09\/IMG-20230926-WA0025-225x300.jpg 225w, https:\/\/www.messinaoggi.it\/website\/wp-content\/uploads\/2023\/09\/IMG-20230926-WA0025-768x1023.jpg 768w, https:\/\/www.messinaoggi.it\/website\/wp-content\/uploads\/2023\/09\/IMG-20230926-WA0025-1153x1536.jpg 1153w, https:\/\/www.messinaoggi.it\/website\/wp-content\/uploads\/2023\/09\/IMG-20230926-WA0025.jpg 1537w\" sizes=\"(max-width: 769px) 100vw, 769px\" \/><\/figure>\n\n\n\n<p>&#8220;La volont\u00e0 di restare nella nostra citt\u00e0 \u00e8 messa a dura prova e, spesso, per ottenere condizioni di vita e di studio migliori, siamo costretti alla fuga. L\u2019anno accademico \u00e8 appena cominciato e i nodi sono subito venuti al pettine. Nessun posto letto in pi\u00f9 rispetto all\u2019anno precedente nella nostra citt\u00e0 \u201cuniversitaria\u201d. La Missione 4 del PNRR, che doveva investire sull\u2019istruzione e sugli alloggi universitari \u00e8 quella che ha fatto discutere di pi\u00f9. Il Piano prevedeva un finanziamento di 960 milioni mirati alla realizzazione di 60mila posti letto in pi\u00f9 per studenti entro il 2026, con l\u2019obiettivo di realizzare i primi 7.500 posti aggiuntivi entro il 2022. La lettera, che l\u2019UDU, insieme alla CGIL ha inviato alla Commissione Europea e che ha fortemente infastidito la Presidente del Consiglio Meloni, denunciava come ci fossero delle gravi irregolarit\u00e0, perch\u00e9 il governo ha tentato di rendicontare tra i posti letto realizzati ex novo anche posti gi\u00e0 preesistenti, quindi il numero di posti che il governo annunciava di aver realizzato era falso. Il profondo fastidio per essere stata colta in fallo, ha portato la Premier a reagire in modo scomposto e totalmente fuori luogo, scagliandosi contro gli studenti e il sindacato accusandoli di odiare gli italiani, e ritenendoli responsabili di aver lavorato contro l&#8217;Italia. La reazione dell\u2019UDU non si \u00e8 fatta attendere verso un governo che \u00e8 responsabile di mistificare la realt\u00e0 e questa protesta nazionale \u00e8 la nostra immediata risposta, il problema per\u00f2 non \u00e8 solo nazionale&#8221; denunciano le studentesse e gli studenti di Udu. <div id=\"videoincontent\" style=\"clear:both\";><\/div><\/p>\n\n\n\n<figure class=\"wp-block-image size-large is-resized\"><img loading=\"lazy\" src=\"http:\/\/www.messinaoggi.it\/website\/wp-content\/uploads\/2023\/09\/IMG-20230926-WA0023-769x1024.jpg\" alt=\"\" class=\"wp-image-170477\" width=\"563\" height=\"749\" srcset=\"https:\/\/www.messinaoggi.it\/website\/wp-content\/uploads\/2023\/09\/IMG-20230926-WA0023-769x1024.jpg 769w, https:\/\/www.messinaoggi.it\/website\/wp-content\/uploads\/2023\/09\/IMG-20230926-WA0023-225x300.jpg 225w, https:\/\/www.messinaoggi.it\/website\/wp-content\/uploads\/2023\/09\/IMG-20230926-WA0023-768x1023.jpg 768w, https:\/\/www.messinaoggi.it\/website\/wp-content\/uploads\/2023\/09\/IMG-20230926-WA0023-1153x1536.jpg 1153w, https:\/\/www.messinaoggi.it\/website\/wp-content\/uploads\/2023\/09\/IMG-20230926-WA0023.jpg 1537w\" sizes=\"(max-width: 563px) 100vw, 563px\" \/><\/figure>\n\n\n\n<p>La loro denuncia tocca anche il piano locale. &#8220;Il Rettore Salvatore Cuzzocrea, e Presidente della CRUI, ha pi\u00f9 volte vantato su tutti i giornali la realizzazione di numerosi e virtuosi progetti messi in campo dall\u2019Ateneo messinese per potenziare il numero dei posti letto a vantaggio degli studenti universitari. Secondo questi progetti di adattamento di alcuni hotel cittadini, finanziati con le risorse del PNRR, dovrebbero arrivare 102 nuovi posti letto entro l\u2019anno accademico 2023-2024 (appena iniziato) all\u2019Hotel Liberty e altri 100 all\u2019Hotel Riviera per l\u2019anno a.a. 2024-2025. Il Rettore aveva poi dichiarato che sarebbero stati attivati 200 nuovi posti per il policlinico universitario di cui non abbiamo notizie. Denunciamo, inoltre, con forza alla comunit\u00e0 accademica, agli studenti e alle famiglie che non risulta che questi posti saranno riservati agli aventi diritto, per intenderci: dovrebbero andare a coloro che, fanno richiesta e hanno bisogno di quel posto letto gratuito per vedere realizzato a pieno il loro diritto allo studio. I nuovi posti dovrebbero essere riservati agli aventi diritto della graduatoria che l\u2019ERSU pubblica ogni anno e assegnare i nuovi posti a chi ne ha diritto!&#8221;.<\/p>\n\n\n\n<figure class=\"wp-block-image size-large is-resized\"><img loading=\"lazy\" src=\"http:\/\/www.messinaoggi.it\/website\/wp-content\/uploads\/2023\/09\/IMG-20230926-WA0022-769x1024.jpg\" alt=\"\" class=\"wp-image-170476\" width=\"574\" height=\"764\" srcset=\"https:\/\/www.messinaoggi.it\/website\/wp-content\/uploads\/2023\/09\/IMG-20230926-WA0022-769x1024.jpg 769w, https:\/\/www.messinaoggi.it\/website\/wp-content\/uploads\/2023\/09\/IMG-20230926-WA0022-225x300.jpg 225w, https:\/\/www.messinaoggi.it\/website\/wp-content\/uploads\/2023\/09\/IMG-20230926-WA0022-768x1023.jpg 768w, https:\/\/www.messinaoggi.it\/website\/wp-content\/uploads\/2023\/09\/IMG-20230926-WA0022-1153x1536.jpg 1153w, https:\/\/www.messinaoggi.it\/website\/wp-content\/uploads\/2023\/09\/IMG-20230926-WA0022.jpg 1537w\" sizes=\"(max-width: 574px) 100vw, 574px\" \/><\/figure>\n\n\n\n<p>I nuovi posti dovrebbero essere riservati per gli aventi diritto della graduatoria pubblica che l\u2019ERSU produce ogni anno e assegnare i nuovi posti a chi ne ha diritto!<\/p>\n\n\n\n<p>&#8220;Il dubbio che il Rettore voglia improvvisarsi imprenditore, &#8211; incalzano &#8211; facendo cassa anche lui, sulle nostre spalle, sorge e purtroppo risulta essere pi\u00f9 di un dubbio. Infatti a febbraio 2023 UNIME viene ammessa per il cofinanziamento PNRR, che rientra nella missione 4. L\u2019Universit\u00e0 di Messina chiede all\u2019ERSU di Messina le sue graduatorie relative all\u2019anno 2022-2023 per ottenere il finanziamento dell\u2019Hotel Liberty. Tant\u2019\u00e8 che l\u2019ERSU le fornisce e nella redazione del piano programma per il triennio 2023-2025 inserisce i 102 posti del Liberty promessi dal Rettore. A Giugno 2023 l\u2019ERSU, tramite il suo ufficio borse di studio, chiede alla dirigente competente dell\u2019Universit\u00e0 notizie sul numero di posti effettivi presso l\u2019Hotel Liberty, da inserire nel bando ERSU 2023-2024 come programmato. Durante l\u2019estate arriva la risposta: l\u2019Universit\u00e0 di Messina comunica che i posti letto delle residenze sotto la disponibilit\u00e0 dell\u2019Ateneo non costituiranno oggetto del bando per il diritto allo studio&#8221;. <\/p>\n\n\n\n<p>\u201cMa come? &#8211; chiede il Coordinatore dell\u2019UDU Messina <strong>Damiano Di Giovanni<\/strong> \u2013 quei fondi del PNRR non dovevano servire per la Next Generation EU? Ci eravamo illusi che finalmente qualcuno stesse investendo su ci\u00f2 che ci serve, ma purtroppo migliaia di studenti rimarranno senza il loro diritto ad avere una stanza, a meno che, ovviamente, non siano disposti, chiss\u00e0, forse a pagare un affitto, secondo noi, illecito\u201d.<\/p>\n\n\n\n<p>\u201cSu questa vicenda serve trasparenza e chiarezza, non \u00e8 accettabile lucrare sulle spalle di chi ha bisogno di un posto alloggio pubblico\u201d aggiunge la segretaria dell\u2019FLC CGIL Messina <strong>Patrizia Donato.<\/strong><\/p>\n\n\n\n<p>Nel frattempo prosegue l\u2019indagine nazionale, condotta da UDU, CGIL E SUNIA sulla condizione abitativa degli studenti universitari, che sar\u00e0 presentata ad Ottobre e mostra un quadro preoccupante.<\/p>\n\n\n\n<p>\u201cNon vogliamo che vengano ignorati ancora anche i 220 posti fantasma della Casa dello studente di via Cesare Battisti, chiusa da troppi anni, serve un serio investimento della Regione Siciliana affinch\u00e9 venga riaperta entro l\u2019anno prossimo\u201d dichiara Damiano Di Giovanni. <\/p>\n\n\n\n<p>\u201cvogliamo risposte e chiarezza sulla destinazione dei nuovi posti alloggio, che sono uno dei grandi problemi degli studenti fuorisede: studiare nel nostro Paese \u00e8 sempre pi\u00f9 un privilegio e noi non ci fermeremo finch\u00e9 non ci verranno date delle risposte serie. Posti letto, borse di studio, affitti, mense, trasporti, supporto psicologico e assistenza sanitaria gratuita per i fuorisede sono i bisogni della nostra generazione. Crediamo nell\u2019Universit\u00e0 pubblica e per tutti, un\u2019idea che a quanto pare si scontra con quella del Rettore e del Governo, noi continueremo a mobilitarci quest\u2019autunno per portare avanti la nostra idea di diritto allo studio e di Universit\u00e0&#8221; concludono le studentesse e gli studenti di Udu.<\/p>\n","protected":false},"excerpt":{"rendered":"<p>Questa settimana vede gli studenti dell\u2019Unione degli Universitari impegnati in una mobilitazione in tutta Italia contro il caro studio, il caro affitti e la carenza di posti letto pubblici. L\u2019Unione degli Universitari di Messina, con tende e valige, si \u00e8 ritrovata ieri pomeriggio davanti al Rettorato in appoggio alla protesta nazionale, cogliendo questa occasione anche [&hellip;]<\/p>\n","protected":false},"author":15,"featured_media":170479,"comment_status":"open","ping_status":"open","sticky":false,"template":"","format":"standard","meta":{"ub_ctt_via":"","_mi_skip_tracking":false},"categories":[6],"tags":[8764,958,1751,612,6698,814],"featured_image_src":"https:\/\/www.messinaoggi.it\/website\/wp-content\/uploads\/2023\/09\/IMG-20230926-WA0024.jpg","author_info":{"display_name":"red.me","author_link":"https:\/\/www.messinaoggi.it\/website\/author\/red-me\/"},"digistream_id":0,"digistream":false,"_links":{"self":[{"href":"https:\/\/www.messinaoggi.it\/website\/wp-json\/wp\/v2\/posts\/170474"}],"collection":[{"href":"https:\/\/www.messinaoggi.it\/website\/wp-json\/wp\/v2\/posts"}],"about":[{"href":"https:\/\/www.messinaoggi.it\/website\/wp-json\/wp\/v2\/types\/post"}],"author":[{"embeddable":true,"href":"https:\/\/www.messinaoggi.it\/website\/wp-json\/wp\/v2\/users\/15"}],"replies":[{"embeddable":true,"href":"https:\/\/www.messinaoggi.it\/website\/wp-json\/wp\/v2\/comments?post=170474"}],"version-history":[{"count":3,"href":"https:\/\/www.messinaoggi.it\/website\/wp-json\/wp\/v2\/posts\/170474\/revisions"}],"predecessor-version":[{"id":170482,"href":"https:\/\/www.messinaoggi.it\/website\/wp-json\/wp\/v2\/posts\/170474\/revisions\/170482"}],"wp:featuredmedia":[{"embeddable":true,"href":"https:\/\/www.messinaoggi.it\/website\/wp-json\/wp\/v2\/media\/170479"}],"wp:attachment":[{"href":"https:\/\/www.messinaoggi.it\/website\/wp-json\/wp\/v2\/media?parent=170474"}],"wp:term":[{"taxonomy":"category","embeddable":true,"href":"https:\/\/www.messinaoggi.it\/website\/wp-json\/wp\/v2\/categories?post=170474"},{"taxonomy":"post_tag","embeddable":true,"href":"https:\/\/www.messinaoggi.it\/website\/wp-json\/wp\/v2\/tags?post=170474"}],"curies":[{"name":"wp","href":"https:\/\/api.w.org\/{rel}","templated":true}]}}