{"id":170449,"date":"2023-09-26T18:08:04","date_gmt":"2023-09-26T16:08:04","guid":{"rendered":"https:\/\/www.messinaoggi.it\/website\/2023\/09\/26\/migranti-salvini-dalleuropa-mi-aspetto-rispetto-e-collaborazione\/"},"modified":"2023-09-26T18:08:04","modified_gmt":"2023-09-26T16:08:04","slug":"migranti-salvini-dalleuropa-mi-aspetto-rispetto-e-collaborazione","status":"publish","type":"post","link":"https:\/\/www.messinaoggi.it\/website\/2023\/09\/26\/migranti-salvini-dalleuropa-mi-aspetto-rispetto-e-collaborazione\/","title":{"rendered":"Migranti, Salvini \u201cDall\u2019Europa mi aspetto rispetto e collaborazione\u201d"},"content":{"rendered":"<div>ROMA (ITALPRESS) &#8211; &#8220;Dall&#8217;Europa e dagli altri Paesi europei mi aspetto rispetto, l&#8217;Italia non penso che stia finanziando associazioni private che gestiscono l&#8217;immigrazione o altri business di altri paesi europei. Non penso solo alla Germania, mi aspetto rispetto e collaborazione&#8221;. Lo ha detto il vicepremier e ministro delle Infrastrutture, Matteo Salvini, in un punto stampa a margine di un incontro con la societ\u00e0 Stretto di Messina. &#8220;Io sono a processo per una nave spagnola finanziata da realt\u00e0 spagnole che doveva andare in Spagna ed \u00e8 arrivata in italia&#8221;, ricorda.<br \/>&#8220;Non mi sembra rispettoso&#8221; che &#8220;la Germania, e non solo la Germania ma altri Paesi, finanzino associazioni private che collaborano alla gestione dell&#8217;immigrazione clandestina in Italia: diciamo che se le Ong tedesche trasportassero gli immigrati in Germania nulla quaestio, se li lasciano in Italia \u00e8 un problema&#8221;.<div id=\"div-gpt-ad-Messinaoggi.it-DSK-300x250-corpoart\" style=\"text-align:center;margin:0 auto;\"><\/div><\/p>\n<p>&#8211; Foto: Agenzia Fotogramma &#8211;<div id=\"videoincontent\" style=\"clear:both\";><\/div><\/p>\n<p>(ITALPRESS).<\/p><\/div>\n","protected":false},"excerpt":{"rendered":"<p>ROMA (ITALPRESS) &#8211; &#8220;Dall&#8217;Europa e dagli altri Paesi europei mi aspetto rispetto, l&#8217;Italia non penso che stia finanziando associazioni private che gestiscono l&#8217;immigrazione o altri business di altri paesi europei. Non penso solo alla Germania, mi aspetto rispetto e collaborazione&#8221;. Lo ha detto il vicepremier e ministro delle Infrastrutture, Matteo Salvini, in un punto stampa [&hellip;]<\/p>\n","protected":false},"author":18,"featured_media":0,"comment_status":"closed","ping_status":"closed","sticky":false,"template":"","format":"standard","meta":{"ub_ctt_via":"","_mi_skip_tracking":false},"categories":[446],"tags":[783],"featured_image_src":null,"author_info":{"display_name":"Admin","author_link":"https:\/\/www.messinaoggi.it\/website\/author\/admin\/"},"digistream_id":0,"digistream":false,"_links":{"self":[{"href":"https:\/\/www.messinaoggi.it\/website\/wp-json\/wp\/v2\/posts\/170449"}],"collection":[{"href":"https:\/\/www.messinaoggi.it\/website\/wp-json\/wp\/v2\/posts"}],"about":[{"href":"https:\/\/www.messinaoggi.it\/website\/wp-json\/wp\/v2\/types\/post"}],"author":[{"embeddable":true,"href":"https:\/\/www.messinaoggi.it\/website\/wp-json\/wp\/v2\/users\/18"}],"replies":[{"embeddable":true,"href":"https:\/\/www.messinaoggi.it\/website\/wp-json\/wp\/v2\/comments?post=170449"}],"version-history":[{"count":0,"href":"https:\/\/www.messinaoggi.it\/website\/wp-json\/wp\/v2\/posts\/170449\/revisions"}],"wp:attachment":[{"href":"https:\/\/www.messinaoggi.it\/website\/wp-json\/wp\/v2\/media?parent=170449"}],"wp:term":[{"taxonomy":"category","embeddable":true,"href":"https:\/\/www.messinaoggi.it\/website\/wp-json\/wp\/v2\/categories?post=170449"},{"taxonomy":"post_tag","embeddable":true,"href":"https:\/\/www.messinaoggi.it\/website\/wp-json\/wp\/v2\/tags?post=170449"}],"curies":[{"name":"wp","href":"https:\/\/api.w.org\/{rel}","templated":true}]}}