{"id":170440,"date":"2023-09-26T16:07:59","date_gmt":"2023-09-26T14:07:59","guid":{"rendered":"https:\/\/www.messinaoggi.it\/website\/2023\/09\/26\/il-roller-day-e-un-successo-coinvolte-132-piazze-ditalia\/"},"modified":"2023-09-26T16:07:59","modified_gmt":"2023-09-26T14:07:59","slug":"il-roller-day-e-un-successo-coinvolte-132-piazze-ditalia","status":"publish","type":"post","link":"https:\/\/www.messinaoggi.it\/website\/2023\/09\/26\/il-roller-day-e-un-successo-coinvolte-132-piazze-ditalia\/","title":{"rendered":"Il \u201cRoller Day\u201d \u00e8 un successo, coinvolte 132 piazze d\u2019Italia"},"content":{"rendered":"<div>ROMA (ITALPRESS) &#8211; Una grandiosa festa tricolore che si \u00e8 tenuta contemporaneamente in 132 tra le pi\u00f9 belle piazze italiane, da piazza Duomo a Milano a piazza Franco Battiato a Catania, passando per Savona, Ferrara, Pescara e Reggio Calabria. Non poteva riuscire meglio la seconda edizione del &#8220;Roller Day&#8221;, la giornata dedicata alla promozione delle discipline a rotelle, organizzata annualmente dalla Federazione Italiana Sport Rotellistici: superato anche lo straordinario numero delle 117 citt\u00e0 raggiunte lo scorso anno, in occasione della ricorrenza del Centenario. &#8220;Il Roller Day &#8211; ha commentato con soddisfazione il presidente Fisr, Sabatino Aracu &#8211; \u00e8 stata una splendida occasione per comunicare e diffondere a migliaia di persone le nostre magnifiche discipline, creando relazioni con le comunit\u00e0 territoriali coinvolte, in spazi aperti, all&#8217;interno del cuore pulsante delle citt\u00e0: il modo migliore per far conoscere e promuovere la Fisr, le rotelle, la sua immagine urban e young e la possibilit\u00e0 di muoversi in maniera sostenibile&#8221;. Il format di questo appuntamento fisso del calendario federale \u00e8 simile in ogni citt\u00e0 e ha coinvolto attivamente tutto il mondo federale, dai Comitati Regionali e Provinciali Fisr alle tantissime societ\u00e0 del territorio che hanno sposato con entusiasmo l&#8217;iniziativa, arricchita anche dalla presenza di numerosi testimonial, atleti che tengono alto il nome dell&#8217;Italia rotellistica nel mondo. <br \/>Svolto in collaborazione con Decathlon, il Roller Day ha avuto il sostegno di prestigiose partnership con i principali soggetti istituzionali e sportivi. Oltre a Coni e Sport e Salute SpA, hanno aderito al progetto la Fondazione Sport City, che opera nel promuovere la &#8220;sportivizzazione&#8221; delle citt\u00e0 attraverso un utilizzo di spazi urbani per la pratica sportiva, l&#8217;Anci, l&#8217;Associazione dei Comuni Italiani con oltre 7000 amministrazioni affiliate, ed il Dipartimento dello Sport della Presidenza del Consiglio dei Ministri. L&#8217;evento era inserito all&#8217;interno della Settimana Europea dello Sport #beactive (23-30 settembre) promossa dall&#8217;Unione Europea ed organizzata dal Dipartimento per lo Sport della Presidenza del Consiglio dei Ministri in collaborazione con Sport e Salute con l&#8217;obiettivo di promuovere la pratica sportiva e l&#8217;attivit\u00e0 fisica in tutta Europa a livello nazionale, regionale e locale.<br \/>&#8211; foto ufficio stampa Fisr &#8211;<br \/>(ITALPRESS).<\/div>\n<div id=\"div-gpt-ad-Messinaoggi.it-DSK-300x250-corpoart\" style=\"text-align:center;margin:0 auto;\"><\/div><\/p><div id=\"videoincontent\" style=\"clear:both\";><\/div>","protected":false},"excerpt":{"rendered":"<p>ROMA (ITALPRESS) &#8211; Una grandiosa festa tricolore che si \u00e8 tenuta contemporaneamente in 132 tra le pi\u00f9 belle piazze italiane, da piazza Duomo a Milano a piazza Franco Battiato a Catania, passando per Savona, Ferrara, Pescara e Reggio Calabria. Non poteva riuscire meglio la seconda edizione del &#8220;Roller Day&#8221;, la giornata dedicata alla promozione delle [&hellip;]<\/p>\n","protected":false},"author":18,"featured_media":170441,"comment_status":"closed","ping_status":"closed","sticky":false,"template":"","format":"standard","meta":{"ub_ctt_via":"","_mi_skip_tracking":false},"categories":[446],"tags":[783],"featured_image_src":"https:\/\/www.messinaoggi.it\/website\/wp-content\/uploads\/2023\/09\/20230926_0910.jpg","author_info":{"display_name":"Admin","author_link":"https:\/\/www.messinaoggi.it\/website\/author\/admin\/"},"digistream_id":0,"digistream":false,"_links":{"self":[{"href":"https:\/\/www.messinaoggi.it\/website\/wp-json\/wp\/v2\/posts\/170440"}],"collection":[{"href":"https:\/\/www.messinaoggi.it\/website\/wp-json\/wp\/v2\/posts"}],"about":[{"href":"https:\/\/www.messinaoggi.it\/website\/wp-json\/wp\/v2\/types\/post"}],"author":[{"embeddable":true,"href":"https:\/\/www.messinaoggi.it\/website\/wp-json\/wp\/v2\/users\/18"}],"replies":[{"embeddable":true,"href":"https:\/\/www.messinaoggi.it\/website\/wp-json\/wp\/v2\/comments?post=170440"}],"version-history":[{"count":0,"href":"https:\/\/www.messinaoggi.it\/website\/wp-json\/wp\/v2\/posts\/170440\/revisions"}],"wp:featuredmedia":[{"embeddable":true,"href":"https:\/\/www.messinaoggi.it\/website\/wp-json\/wp\/v2\/media\/170441"}],"wp:attachment":[{"href":"https:\/\/www.messinaoggi.it\/website\/wp-json\/wp\/v2\/media?parent=170440"}],"wp:term":[{"taxonomy":"category","embeddable":true,"href":"https:\/\/www.messinaoggi.it\/website\/wp-json\/wp\/v2\/categories?post=170440"},{"taxonomy":"post_tag","embeddable":true,"href":"https:\/\/www.messinaoggi.it\/website\/wp-json\/wp\/v2\/tags?post=170440"}],"curies":[{"name":"wp","href":"https:\/\/api.w.org\/{rel}","templated":true}]}}