{"id":170421,"date":"2023-09-26T13:08:02","date_gmt":"2023-09-26T11:08:02","guid":{"rendered":"https:\/\/www.messinaoggi.it\/website\/2023\/09\/26\/fibra-ottica-il-veneto-accelera-con-gli-investimenti\/"},"modified":"2023-09-26T13:08:02","modified_gmt":"2023-09-26T11:08:02","slug":"fibra-ottica-il-veneto-accelera-con-gli-investimenti","status":"publish","type":"post","link":"https:\/\/www.messinaoggi.it\/website\/2023\/09\/26\/fibra-ottica-il-veneto-accelera-con-gli-investimenti\/","title":{"rendered":"Fibra ottica, il Veneto accelera con gli investimenti"},"content":{"rendered":"<div>RONCADE (TREVISO) (ITALPRESS) &#8211; Il polo di innovazione H-FARM di Roncade, in provincia di Treviso, ha ospitato gli Stati generali della fibra ottica. Un incontro tra istituzioni, aziende e associazioni per fare il punto sullo stato dell&#8217;arte della connettivit\u00e0 in Veneto e sulle possibilit\u00e0 di sviluppo che un&#8217;infrastruttura all&#8217;avanguardia offre a cittadini, imprese e pubbliche amministrazioni. I servizi digitali pi\u00f9 recenti e quelli ancora in fase di test, per essere fruiti in maniera ottimale, hanno infatti bisogno di un&#8217;infrastruttura di rete all&#8217;avanguardia, come la fibra ottica fino a casa (FTTH una rete interamente in fibra fino all&#8217;interno degli edifici), l&#8217;unica ad ora in grado di raggiungere la velocit\u00e0 di connessione di 1 Gigabit al secondo. Non a caso, abilitare connettivit\u00e0 Gigabit in tutto il territorio \u00e8 l&#8217;obiettivo del governo italiano con il piano &#8220;Italia 1 Giga&#8221; al 2026 e dell&#8217;UE con il piano &#8220;Digital Compass&#8221; al 2030.<br \/>I lavori, aperti dal presidente della Regione Veneto Luca Zaia, hanno visto l&#8217;alternarsi di tre panel e una tavola rotonda, in cui sono stati illustrati l&#8217;avanzamento dei lavori dei piani di infrastrutturazione digitale in Veneto, in Italia e in Europa e si \u00e8 discusso delle possibilit\u00e0 di sviluppo offerte dalle nuove tecnologie.<br \/>&#8220;Come Veneto ci candidiamo a diventare la prima Regione in Italia dove spegnere la rete in rame e utilizzare solo quella in fibra ottica; un appuntamento che vogliamo si realizzi entro il 2030 &#8211; ha detto il Presidente Zaia -. Non sar\u00e0 una cosa immediata, ritengo sia arrivato il momento di accelerare e favorire questo passaggio. La disponibilit\u00e0 di una connettivit\u00e0 veloce e affidabile \u00e8 diventata imprescindibile per il nostro sviluppo sociale ed economico. Le nostre competenze industriali, agricole, turistiche, culturali, per rimanere competitive nel mondo moderno, devono abbracciare la trasformazione digitale&#8221;.<br \/>&#8220;L&#8217;impegno che la Regione ha messo nel corso di questi anni &#8211; ha confermato l&#8217;assessore al Bilancio e alla Programmazione con delega all&#8217;Agenda Digitale della Regione del Veneto Francesco Calzavara &#8211; \u00e8 rivolto a sviluppare servizi digitali ai cittadini ed imprese che utilizzino questa importante infrastruttura.  Quel che oggi ci interessa di pi\u00f9 \u00e8 che tutti i veneti abbiano gli strumenti per poi utilizzare questa infrastruttura, tanto che abbiamo investito 10 milioni di euro per aprire punti di facilitazione digitale in oltre 200 comuni del veneto per velocizzare l&#8217;alfabetizzazione digitale&#8221;.<br \/>Non ha dubbi Roberto Marcato, assessore allo Sviluppo Economico della Regione del Veneto, sull&#8217;importanza di azioni rapide e concrete: &#8220;Dobbiamo fare in fretta e fare bene. E&#8217; stata una giornata davvero molto interessante perch\u00e8 quel che emerge dagli Stati generali della fibra \u00e8 la grande qualit\u00e0 del nostro tessuto produttivo ed economico. Abbiamo una grande spinta imprenditoriale, anche se i numeri ci ricordano che il 97% delle nostre aziende ha meno di 9 dipendenti. Queste imprese hanno bisogno di avere infrastrutture digitali all&#8217;altezza delle loro esigenze. Per crescere ed essere competitive abbiamo bisogno di reti pi\u00f9 capillari, pi\u00f9 sostenibili, pi\u00f9 sicure e pi\u00f9 intelligenti&#8221;.<br \/>Open Fiber, al fianco della Regione del Veneto in questi Stati Generali della Fibra Ottica con Andrea Falessi, Direttore delle Relazioni Esterne, ha sottolineato come &#8220;la copertura in fibra ottica del Veneto e dell&#8217;Italia non \u00e8 un soltanto un progetto di innovazione, ma una necessit\u00e0 storica. Per digitalizzare i processi c&#8217;\u00e8 bisogno di connettivit\u00e0 ultraveloce e stabile, che solo la fibra pu\u00f2 offrire. Open Fiber punta a diventare il sistema nervoso del Paese: una piattaforma neutrale che abilita i servizi di oggi e rende possibile sviluppare i servizi di domani. Non solo, Open Fiber si pone come partner strategico del Veneto e dei veneti per fare di questa Regione, che ci sta particolarmente a cuore, un modello di eccellenza in Italia e un volano di sviluppo&#8221;.<br \/>&#8220;Open Fiber ha nei piani di investimento circa 1,7 milioni di unit\u00e0 immobiliari da collegare, per circa 24 mila chilometri di fibra e di infrastrutture da realizzare, con un investimento di circa 1 miliardo. Ad oggi abbiamo gi\u00e0 investito 550 milioni. Oggi la grande sfida \u00e8 utilizzare la grande infrastruttura che abbiamo gi\u00e0 realizzato&#8221;, spiega Roberto Tognaccini, responsabile area Nord Est di Open Fiber.<div id=\"div-gpt-ad-Messinaoggi.it-DSK-300x250-corpoart\" style=\"text-align:center;margin:0 auto;\"><\/div><\/p>\n<p>&#8211; Foto ufficio stampa Open Fiber &#8211;<div id=\"videoincontent\" style=\"clear:both\";><\/div><\/p>\n<p>(ITALPRESS).<\/p><\/div>\n","protected":false},"excerpt":{"rendered":"<p>RONCADE (TREVISO) (ITALPRESS) &#8211; Il polo di innovazione H-FARM di Roncade, in provincia di Treviso, ha ospitato gli Stati generali della fibra ottica. Un incontro tra istituzioni, aziende e associazioni per fare il punto sullo stato dell&#8217;arte della connettivit\u00e0 in Veneto e sulle possibilit\u00e0 di sviluppo che un&#8217;infrastruttura all&#8217;avanguardia offre a cittadini, imprese e pubbliche [&hellip;]<\/p>\n","protected":false},"author":18,"featured_media":170422,"comment_status":"closed","ping_status":"closed","sticky":false,"template":"","format":"standard","meta":{"ub_ctt_via":"","_mi_skip_tracking":false},"categories":[446],"tags":[783],"featured_image_src":"https:\/\/www.messinaoggi.it\/website\/wp-content\/uploads\/2023\/09\/20230926_0322.jpg","author_info":{"display_name":"Admin","author_link":"https:\/\/www.messinaoggi.it\/website\/author\/admin\/"},"digistream_id":0,"digistream":false,"_links":{"self":[{"href":"https:\/\/www.messinaoggi.it\/website\/wp-json\/wp\/v2\/posts\/170421"}],"collection":[{"href":"https:\/\/www.messinaoggi.it\/website\/wp-json\/wp\/v2\/posts"}],"about":[{"href":"https:\/\/www.messinaoggi.it\/website\/wp-json\/wp\/v2\/types\/post"}],"author":[{"embeddable":true,"href":"https:\/\/www.messinaoggi.it\/website\/wp-json\/wp\/v2\/users\/18"}],"replies":[{"embeddable":true,"href":"https:\/\/www.messinaoggi.it\/website\/wp-json\/wp\/v2\/comments?post=170421"}],"version-history":[{"count":0,"href":"https:\/\/www.messinaoggi.it\/website\/wp-json\/wp\/v2\/posts\/170421\/revisions"}],"wp:featuredmedia":[{"embeddable":true,"href":"https:\/\/www.messinaoggi.it\/website\/wp-json\/wp\/v2\/media\/170422"}],"wp:attachment":[{"href":"https:\/\/www.messinaoggi.it\/website\/wp-json\/wp\/v2\/media?parent=170421"}],"wp:term":[{"taxonomy":"category","embeddable":true,"href":"https:\/\/www.messinaoggi.it\/website\/wp-json\/wp\/v2\/categories?post=170421"},{"taxonomy":"post_tag","embeddable":true,"href":"https:\/\/www.messinaoggi.it\/website\/wp-json\/wp\/v2\/tags?post=170421"}],"curies":[{"name":"wp","href":"https:\/\/api.w.org\/{rel}","templated":true}]}}