{"id":170390,"date":"2023-09-26T10:42:03","date_gmt":"2023-09-26T08:42:03","guid":{"rendered":"http:\/\/www.messinaoggi.it\/website\/?p=170390"},"modified":"2023-09-26T10:42:05","modified_gmt":"2023-09-26T08:42:05","slug":"troppi-infortuni-e-morti-sul-lavoro-cgil-non-ci-sta","status":"publish","type":"post","link":"https:\/\/www.messinaoggi.it\/website\/2023\/09\/26\/troppi-infortuni-e-morti-sul-lavoro-cgil-non-ci-sta\/","title":{"rendered":"&#8220;Troppi infortuni e morti sul lavoro&#8221;, Cgil non ci sta"},"content":{"rendered":"\n<p>Sei decessi in appena sei mesi per infortuni sul lavoro sono stati registrati quest\u2019anno a Messina dall\u2019Osservatorio sicurezza sul lavoro di Vega Engineering: l\u2019ultimo caso, domenica scorsa a Patti, dove un operaio \u00e8 caduto da un ponteggio ed \u00e8 morto infilzato da un paletto di ferro. E il commercio risulta al quarto posto tra i settori in cui avvengono pi\u00f9 morti:<div id=\"div-gpt-ad-Messinaoggi.it-DSK-300x250-corpoart\" style=\"text-align:center;margin:0 auto;\"><\/div><\/p>\n\n\n\n<p>\u201cServono maggiore sicurezza e una pi\u00f9 efficace prevenzione attraverso misure, controlli, strumenti di vario genere &#8211; \u00e8 l\u2019appello lanciato dalla segretaria generale di Filcams Cgil Messina <strong>Giselda Campolo <\/strong>-. Ho particolarmente a cuore questo tema di cui si discute molto, ma non abbastanza. Ci ha molto toccati dal punto di vista umano anche la scomparsa, nei giorni scorsi, di Dagmar Becker, donna di 62 preparatrice in macelleria, poi adibita all\u2019ortofrutta di un supermercato, che si \u00e8 sentita male, a causa di un ictus, mentre lavorava ed \u00e8 stata soccorsa dai colleghi. Seppure la dipartita non sembra essere connessa con l\u2019impiego &#8211; prosegue Campolo &#8211; ci spinge a riflettere su quanto certe mansioni (sollevamento di carichi, trasferimenti, missioni, perdita e cambio di lavoro e sedi per cessioni o cambiamenti aziendali, ecc.) possano essere usuranti nel tempo e determinare stress, affaticamento, dunque vulnerabilit\u00e0 fisica, per le donne quanto per l\u2019uomo in modo speciale in\u00a0<div id=\"videoincontent\" style=\"clear:both\";><\/div><\/p>\n\n\n\n<p>alcune fasce d\u2019et\u00e0\u201d.  <\/p>\n\n\n\n<p>Becker, tra l\u2019altro, era un\u2019 \u201cattivista\u201d sindacale: aveva vissuto nella Germania dell\u2019est e di recente partecipato alle battaglie sindacali della rete ex Gicap. <\/p>\n\n\n\n<p>&#8220;L&#8217;emergenza sicurezza purtroppo interessa qualsiasi settore lavorativo &#8211; dichiara il segretario generale Cgil Messina <strong>Pietro Patti<\/strong> &#8211; e bisogna spingere al massimo sulla prevenzione, sula cultura della sicurezza, su un modello di societ\u00e0 che deve mettere al centro di tutto \u00a0la sicurezza sul luogo di lavoro&#8221;.\u00a0<\/p>\n\n\n\n<p>La Filcams Cgil Messina sar\u00e0 presente a Roma per la manifestazione del 7 ottobre prossimo anche sui temi della sanit\u00e0, perch\u00e9, spiegano in una nota, &#8220;bisogna aumentare le risorse per i servizi pubblici e universali che ci rendono uno Stato Sociale per garantire, ad esempio il diritto di tutte le persone alla salute, ad un ambiente anche lavorativo sano e sicuro, all\u2019istruzione e alla formazione permanente, perch\u00e9 a volte alcuni rischi correlati al lavoro si possono abbassare con la formazione specifica, dando peso maggiore al ruolo della prevenzione e della salute e sicurezza nei luoghi di lavoro per ridurre e fermare infortuni, malattie professioni e le morti sul lavoro. Sorprenderebbe sapere quante aziende, ad esempio non pagano e organizzano la formazione Haccp ai loro dipendenti&#8221;.<\/p>\n\n\n\n<p>\u201cA livello territoriale stiamo conducendo una battaglia importante &#8211; conclude Campolo &#8211; proprio per sollecitare la realizzazione della formazione a spese delle aziende, come previsto dalla legge. E proprio in questi giorni alcune aziende si stanno mettendo in regola da questo punto di vista\u201d.<\/p>\n","protected":false},"excerpt":{"rendered":"<p>Sei decessi in appena sei mesi per infortuni sul lavoro sono stati registrati quest\u2019anno a Messina dall\u2019Osservatorio sicurezza sul lavoro di Vega Engineering: l\u2019ultimo caso, domenica scorsa a Patti, dove un operaio \u00e8 caduto da un ponteggio ed \u00e8 morto infilzato da un paletto di ferro. E il commercio risulta al quarto posto tra i [&hellip;]<\/p>\n","protected":false},"author":15,"featured_media":170391,"comment_status":"open","ping_status":"open","sticky":false,"template":"","format":"standard","meta":{"ub_ctt_via":"","_mi_skip_tracking":false},"categories":[6],"tags":[2002,3956,5366,7669,587],"featured_image_src":"https:\/\/www.messinaoggi.it\/website\/wp-content\/uploads\/2023\/09\/image0-1.jpeg","author_info":{"display_name":"red.me","author_link":"https:\/\/www.messinaoggi.it\/website\/author\/red-me\/"},"digistream_id":0,"digistream":false,"_links":{"self":[{"href":"https:\/\/www.messinaoggi.it\/website\/wp-json\/wp\/v2\/posts\/170390"}],"collection":[{"href":"https:\/\/www.messinaoggi.it\/website\/wp-json\/wp\/v2\/posts"}],"about":[{"href":"https:\/\/www.messinaoggi.it\/website\/wp-json\/wp\/v2\/types\/post"}],"author":[{"embeddable":true,"href":"https:\/\/www.messinaoggi.it\/website\/wp-json\/wp\/v2\/users\/15"}],"replies":[{"embeddable":true,"href":"https:\/\/www.messinaoggi.it\/website\/wp-json\/wp\/v2\/comments?post=170390"}],"version-history":[{"count":1,"href":"https:\/\/www.messinaoggi.it\/website\/wp-json\/wp\/v2\/posts\/170390\/revisions"}],"predecessor-version":[{"id":170392,"href":"https:\/\/www.messinaoggi.it\/website\/wp-json\/wp\/v2\/posts\/170390\/revisions\/170392"}],"wp:featuredmedia":[{"embeddable":true,"href":"https:\/\/www.messinaoggi.it\/website\/wp-json\/wp\/v2\/media\/170391"}],"wp:attachment":[{"href":"https:\/\/www.messinaoggi.it\/website\/wp-json\/wp\/v2\/media?parent=170390"}],"wp:term":[{"taxonomy":"category","embeddable":true,"href":"https:\/\/www.messinaoggi.it\/website\/wp-json\/wp\/v2\/categories?post=170390"},{"taxonomy":"post_tag","embeddable":true,"href":"https:\/\/www.messinaoggi.it\/website\/wp-json\/wp\/v2\/tags?post=170390"}],"curies":[{"name":"wp","href":"https:\/\/api.w.org\/{rel}","templated":true}]}}