{"id":170380,"date":"2023-09-26T09:08:02","date_gmt":"2023-09-26T07:08:02","guid":{"rendered":"https:\/\/www.messinaoggi.it\/website\/2023\/09\/26\/delmastro-ai-corvi-del-catastrofismo-dimostrato-che-il-paese-cresce\/"},"modified":"2023-09-26T09:08:02","modified_gmt":"2023-09-26T07:08:02","slug":"delmastro-ai-corvi-del-catastrofismo-dimostrato-che-il-paese-cresce","status":"publish","type":"post","link":"https:\/\/www.messinaoggi.it\/website\/2023\/09\/26\/delmastro-ai-corvi-del-catastrofismo-dimostrato-che-il-paese-cresce\/","title":{"rendered":"Delmastro \u201cAi corvi del catastrofismo dimostrato che il Paese cresce\u201d"},"content":{"rendered":"<div>ROMA (ITALPRESS) &#8211; &#8220;A ridosso delle Europee \u00e8 fatale un p\u00f2 di competizione interna&#8221;. E&#8217; il pensiero di Andrea Delmastro (Fdi), sottosegretario alla Giustizia, in una intervista al Corriere della Sera. &#8220;A noi che siamo il partito di maggioranza, va l&#8217;onere di vagliare e portare avanti le migliori proposte presentate, nell&#8217;interesse degli italiani&#8221; continua Delmastro che sul condono eilizio dice: &#8220;Non siamo innamorati dei condoni: quando la proposta verr\u00e0 formalizzata, si potr\u00e0 verificare. Un conto sono le infrazioni di minore entit\u00e0, di tipo amministrativo, perch\u00e8 non c&#8217;\u00e8 volont\u00e0 di accanimento su questioni marginali. Altra cosa \u00e8 premiare chi non rispetta le regole. Non fa parte di quello che vogliamo fare&#8221;. <br \/>Suglie extraprofitti alle banche: &#8220;Ogni provvedimento pu\u00f2 essere modificato, ma non stravolto. Una cosa \u00e8 attuare delle modifiche in modo che le banche possano patrimonializzare i profitti e quindi rendere un servizio pi\u00f9 utile ai risparmiatori e agli investitori, altra che approfittino di congiunture straordinarie e di distorsioni del mercato per distribuire dividendi. Questo non potr\u00e0 accadere pi\u00f9, non accetteremo che nessuno speculi sulla pelle degli italiani. Sono lontani i tempi in cui la sinistra ripagava i debiti del Monte dei Paschi con i soldi dei cittadini&#8221;. Delmastro illustra le priorit\u00e0 del Governo: &#8220;L&#8217;abbattimento della pressione fiscale, la defiscalizzazione della maggiore produttivit\u00e0, perch\u00e8 non si pu\u00f2 punire ma si deve incentivare chi lavora e produce meglio. E le buste paga pi\u00f9 alte per i redditi medi e bassi attraverso il taglio del cuneo fiscale, la semplificazione del fisco per le partite Iva con la divisione in tre scaglioni. Questa \u00e8 la nostra filosofia di fondo&#8221;. &#8220;Ai corvi del catastrofismo &#8211; afferma Delmastro &#8211; abbiamo dimostrato che il Paese cresce e gli obiettivi economici sono stati raggiunti&#8221;.<div id=\"div-gpt-ad-Messinaoggi.it-DSK-300x250-corpoart\" style=\"text-align:center;margin:0 auto;\"><\/div><\/p>\n<p>&#8211; foto: Agenzia Fotogramma &#8211; <div id=\"videoincontent\" style=\"clear:both\";><\/div><\/p>\n<p>(ITALPRESS).<\/p><\/div>\n","protected":false},"excerpt":{"rendered":"<p>ROMA (ITALPRESS) &#8211; &#8220;A ridosso delle Europee \u00e8 fatale un p\u00f2 di competizione interna&#8221;. E&#8217; il pensiero di Andrea Delmastro (Fdi), sottosegretario alla Giustizia, in una intervista al Corriere della Sera. &#8220;A noi che siamo il partito di maggioranza, va l&#8217;onere di vagliare e portare avanti le migliori proposte presentate, nell&#8217;interesse degli italiani&#8221; continua Delmastro [&hellip;]<\/p>\n","protected":false},"author":18,"featured_media":170381,"comment_status":"closed","ping_status":"closed","sticky":false,"template":"","format":"standard","meta":{"ub_ctt_via":"","_mi_skip_tracking":false},"categories":[446],"tags":[783],"featured_image_src":"https:\/\/www.messinaoggi.it\/website\/wp-content\/uploads\/2023\/09\/20230926_0084.jpg","author_info":{"display_name":"Admin","author_link":"https:\/\/www.messinaoggi.it\/website\/author\/admin\/"},"digistream_id":0,"digistream":false,"_links":{"self":[{"href":"https:\/\/www.messinaoggi.it\/website\/wp-json\/wp\/v2\/posts\/170380"}],"collection":[{"href":"https:\/\/www.messinaoggi.it\/website\/wp-json\/wp\/v2\/posts"}],"about":[{"href":"https:\/\/www.messinaoggi.it\/website\/wp-json\/wp\/v2\/types\/post"}],"author":[{"embeddable":true,"href":"https:\/\/www.messinaoggi.it\/website\/wp-json\/wp\/v2\/users\/18"}],"replies":[{"embeddable":true,"href":"https:\/\/www.messinaoggi.it\/website\/wp-json\/wp\/v2\/comments?post=170380"}],"version-history":[{"count":0,"href":"https:\/\/www.messinaoggi.it\/website\/wp-json\/wp\/v2\/posts\/170380\/revisions"}],"wp:featuredmedia":[{"embeddable":true,"href":"https:\/\/www.messinaoggi.it\/website\/wp-json\/wp\/v2\/media\/170381"}],"wp:attachment":[{"href":"https:\/\/www.messinaoggi.it\/website\/wp-json\/wp\/v2\/media?parent=170380"}],"wp:term":[{"taxonomy":"category","embeddable":true,"href":"https:\/\/www.messinaoggi.it\/website\/wp-json\/wp\/v2\/categories?post=170380"},{"taxonomy":"post_tag","embeddable":true,"href":"https:\/\/www.messinaoggi.it\/website\/wp-json\/wp\/v2\/tags?post=170380"}],"curies":[{"name":"wp","href":"https:\/\/api.w.org\/{rel}","templated":true}]}}