{"id":170371,"date":"2023-09-26T08:44:34","date_gmt":"2023-09-26T06:44:34","guid":{"rendered":"http:\/\/www.messinaoggi.it\/website\/?p=170371"},"modified":"2023-09-26T08:44:34","modified_gmt":"2023-09-26T06:44:34","slug":"salute-ella-bucalo-incontra-gli-studenti-di-barcellona-p-g","status":"publish","type":"post","link":"https:\/\/www.messinaoggi.it\/website\/2023\/09\/26\/salute-ella-bucalo-incontra-gli-studenti-di-barcellona-p-g\/","title":{"rendered":"Salute, Ella Bucalo incontra gli studenti di Barcellona P.G."},"content":{"rendered":"\n<p>La Senatrice Carmela Bucalo della <strong>Commissione Cultura e Istruzione del Senato<\/strong>, insieme a un rappresentante di Fondazione Umberto Veronesi, ha incontrato stamane gli insegnanti e gli studenti dell\u2019Istituto Comprensivo \u201cBastiano Genovese\u201d e dell\u2019ITT e LSSA \u201cCopernico\u201d per due appuntamenti dedicati ai temi della salute e della cultura della prevenzione.<div id=\"div-gpt-ad-Messinaoggi.it-DSK-300x250-corpoart\" style=\"text-align:center;margin:0 auto;\"><\/div><\/p>\n\n\n\n<p>Gli appuntamenti, che si inseriscono all\u2019interno di un roadshow nazionale che coinvolge undici scuole sul territorio, vedono impegnati i <strong>Senatori della Commissione Cultura<\/strong> <strong>e Istruzione<\/strong> e <strong>Fondazione Umberto Veronesi <\/strong>in un progetto che punta a un disegno di legge per rendere la salute materia scolastica, in linea con le raccomandazioni dell\u2019<em>Organizzazione Mondiale della Sanit\u00e0<\/em>, che promuove da tempo l\u2019interconnessione tra salute e sistema educativo, incentivando le politiche sanitarie che puntano sul valore della prevenzione per la tutela del benessere dei cittadini e la tenuta di sistemi e organizzazioni, a fronte delle sfide del prossimo futuro.<div id=\"videoincontent\" style=\"clear:both\";><\/div><\/p>\n\n\n\n<p>Gli incontri hanno coinvolto i ragazzi in due workshop sul tema dell\u2019inquinamento: attraverso attivit\u00e0 ludiche, gli studenti hanno scoperto le fonti inquinanti pi\u00f9 comuni dell\u2019aria che respiriamo.<\/p>\n\n\n\n<p><em>&#8220;La promozione della salute all\u2019interno degli istituti scolastici \u00e8 un tassello fondamentale per la crescita dei nostri ragazzi. Stimolarli ad una vita pi\u00f9 sana aiuta a migliorare e proteggere la salute e il benessere di tutta la comunit\u00e0 scolastica, con effetti positivi anche sul rendimento. Orientare i ragazzi a prendersi cura del proprio corpo li spinge in maniera naturale a rapportarsi nel modo giusto a quello che li circonda, dall\u2019ambiente, al bene comune, al prossimo. Oggi l\u2019inquinamento costituisce una delle prime cause di mortalit\u00e0 al mondo. Comprendere e cosa \u00e8, come va arginato e soprattutto quali rischi comporta per la nostra salute aiuta i ragazzi a mettere in campo una serie di buone pratiche per proteggere il loro organismo e insieme l\u2019ambiente\u201d <\/em>ha commentato la Senatrice.<em><\/em><\/p>\n\n\n\n<p>La Senatrice Bucalo, accolta dai Dirigenti Scolastici Francesca Canale del \u201cBastiano Genovese\u201d e Angelina Benvegna del \u201cCopernico\u201d, \u00e8 stata affiancata da un referente di Fondazione Umberto Veronesi, che dal 2003 promuove la ricerca scientifica di eccellenza e progetti di prevenzione, educazione alla salute e divulgazione della scienza.<\/p>\n","protected":false},"excerpt":{"rendered":"<p>La Senatrice Carmela Bucalo della Commissione Cultura e Istruzione del Senato, insieme a un rappresentante di Fondazione Umberto Veronesi, ha incontrato stamane gli insegnanti e gli studenti dell\u2019Istituto Comprensivo \u201cBastiano Genovese\u201d e dell\u2019ITT e LSSA \u201cCopernico\u201d per due appuntamenti dedicati ai temi della salute e della cultura della prevenzione. Gli appuntamenti, che si inseriscono all\u2019interno [&hellip;]<\/p>\n","protected":false},"author":2,"featured_media":170372,"comment_status":"open","ping_status":"open","sticky":false,"template":"","format":"standard","meta":{"ub_ctt_via":"","_mi_skip_tracking":false},"categories":[13,14],"tags":[2035,1308,4416],"featured_image_src":"https:\/\/www.messinaoggi.it\/website\/wp-content\/uploads\/2023\/09\/Bucalo-e1695710661471.jpg","author_info":{"display_name":"Redazione","author_link":"https:\/\/www.messinaoggi.it\/website\/author\/redazione\/"},"digistream_id":0,"digistream":false,"_links":{"self":[{"href":"https:\/\/www.messinaoggi.it\/website\/wp-json\/wp\/v2\/posts\/170371"}],"collection":[{"href":"https:\/\/www.messinaoggi.it\/website\/wp-json\/wp\/v2\/posts"}],"about":[{"href":"https:\/\/www.messinaoggi.it\/website\/wp-json\/wp\/v2\/types\/post"}],"author":[{"embeddable":true,"href":"https:\/\/www.messinaoggi.it\/website\/wp-json\/wp\/v2\/users\/2"}],"replies":[{"embeddable":true,"href":"https:\/\/www.messinaoggi.it\/website\/wp-json\/wp\/v2\/comments?post=170371"}],"version-history":[{"count":1,"href":"https:\/\/www.messinaoggi.it\/website\/wp-json\/wp\/v2\/posts\/170371\/revisions"}],"predecessor-version":[{"id":170373,"href":"https:\/\/www.messinaoggi.it\/website\/wp-json\/wp\/v2\/posts\/170371\/revisions\/170373"}],"wp:featuredmedia":[{"embeddable":true,"href":"https:\/\/www.messinaoggi.it\/website\/wp-json\/wp\/v2\/media\/170372"}],"wp:attachment":[{"href":"https:\/\/www.messinaoggi.it\/website\/wp-json\/wp\/v2\/media?parent=170371"}],"wp:term":[{"taxonomy":"category","embeddable":true,"href":"https:\/\/www.messinaoggi.it\/website\/wp-json\/wp\/v2\/categories?post=170371"},{"taxonomy":"post_tag","embeddable":true,"href":"https:\/\/www.messinaoggi.it\/website\/wp-json\/wp\/v2\/tags?post=170371"}],"curies":[{"name":"wp","href":"https:\/\/api.w.org\/{rel}","templated":true}]}}