{"id":170333,"date":"2023-09-25T20:08:00","date_gmt":"2023-09-25T18:08:00","guid":{"rendered":"https:\/\/www.messinaoggi.it\/website\/2023\/09\/25\/ucraina-zuppi-trovare-vie-di-pace-nella-giustizia\/"},"modified":"2023-09-25T20:08:00","modified_gmt":"2023-09-25T18:08:00","slug":"ucraina-zuppi-trovare-vie-di-pace-nella-giustizia","status":"publish","type":"post","link":"https:\/\/www.messinaoggi.it\/website\/2023\/09\/25\/ucraina-zuppi-trovare-vie-di-pace-nella-giustizia\/","title":{"rendered":"Ucraina, Zuppi \u201cTrovare vie di pace nella giustizia\u201d"},"content":{"rendered":"<div>ROMA (ITALPRESS) &#8211; &#8220;Il nostro mondo ha bisogno di pace e unit\u00e0. La guerra continua in Ucraina e non ci abituiamo ad essa. Il dolore di questa guerra \u00e8 stampato su volti precisi: quelli dei morti, soprattutto tra i civili, e dei feriti per i bombardamenti; quello delle persone barbaramente violentate; quello delle popolazioni sfollate e costrette a migrare; quello dei bambini lontani dai propri familiari o dalle proprie case. Si tratta di un dramma alle porte dell&#8217;Europa che ci riguarda tutti, come uomini e donne di questo tempo, prima ancora che come cittadini europei&#8221;. Lo ha detto il presidente della Conferenza Episcopale Italiana, cardinale Matteo Zuppi, nella sua introduzione al Consiglio Permanente.<br \/>&#8220;Capiamo con evidenza come siamo davvero tutti sulla stessa barca e apparteniamo alla stessa famiglia umana. Fratelli tutti. L&#8217;azione del Santo Padre per la pace, oltre alle sue parole, ci ricorda che tutti dobbiamo agire e pregare per la pace &#8211; ha aggiunto -. Ho personalmente sentito quanto la preghiera per la pace abbia accompagnato anche la mia missione degli ultimi mesi e ne sono intimamente grato ed edificato. Sono certo che \u00e8 un valore che misteriosamente, ma efficacemente, spinger\u00e0 la missione nella direzione auspicata. San Giovanni Crisostomo insegna: &#8220;Nulla \u00e8 pi\u00f9 potente della preghiera e nulla le \u00e8 pari&#8221;. La solidariet\u00e0 aiuta la resistenza degli ucraini in una situazione tragica, venendo incontro a molteplici e drammatiche necessit\u00e0&#8221;.<br \/>&#8220;Soprattutto &#8211; come ho detto recentemente al Sinodo della Chiesa greco-cattolico &#8211; ci ricordiamo sempre degli ucraini e continuiamo a sostenerli in Ucraina o in Italia, esuli dalla loro terra. Desidero ringraziare le tante famiglie che hanno dato disponibilit\u00e0 per accogliere i bambini ucraini. Mi auguro che l&#8217;anno prossimo questa accoglienza dei minori ucraini possa trovare un ulteriore e sempre pi\u00f9 diffuso sviluppo, per garantire ai pi\u00f9 piccoli, feriti intimamente dalla guerra, un periodo di protezione e gioia &#8211; ha proseguito il cardinale -. Ripetiamo, con il Papa, l&#8217;esortazione a trovare vie di pace nella giustizia, perch\u00e8 siano abbreviate le sofferenze di tanti e salvate tante vite. L&#8217;appassionato impegno per l&#8217;Ucraina non fa dimenticare altri Paesi che soffrono guerra, tensioni e instabilit\u00e0. Dovremmo scorrere i nomi dei Paesi in guerra nella preghiera, come i grani del Rosario. Penso al terribile conflitto in Sudan, dove 5 milioni di abitanti su 45 hanno dovuto lasciare le loro case. In questi giorni si \u00e8 riaccesa una preoccupante violenza nel Nagorno Karabakh per il quale auspichiamo che la vita dei cristiani e la convivenza siano pienamente rispettate. Pensando a questa e a tantissime situazioni di conflitto, sentiamo l&#8217;urgenza della pace&#8221;.<div id=\"div-gpt-ad-Messinaoggi.it-DSK-300x250-corpoart\" style=\"text-align:center;margin:0 auto;\"><\/div><\/p>\n<p>&#8211; Foto: Agenzia Fotogramma &#8211;<div id=\"videoincontent\" style=\"clear:both\";><\/div><\/p>\n<p>(ITALPRESS).<\/p><\/div>\n","protected":false},"excerpt":{"rendered":"<p>ROMA (ITALPRESS) &#8211; &#8220;Il nostro mondo ha bisogno di pace e unit\u00e0. La guerra continua in Ucraina e non ci abituiamo ad essa. Il dolore di questa guerra \u00e8 stampato su volti precisi: quelli dei morti, soprattutto tra i civili, e dei feriti per i bombardamenti; quello delle persone barbaramente violentate; quello delle popolazioni sfollate [&hellip;]<\/p>\n","protected":false},"author":18,"featured_media":170334,"comment_status":"closed","ping_status":"closed","sticky":false,"template":"","format":"standard","meta":{"ub_ctt_via":"","_mi_skip_tracking":false},"categories":[446],"tags":[783],"featured_image_src":"https:\/\/www.messinaoggi.it\/website\/wp-content\/uploads\/2023\/09\/20230925_1862.jpg","author_info":{"display_name":"Admin","author_link":"https:\/\/www.messinaoggi.it\/website\/author\/admin\/"},"digistream_id":0,"digistream":false,"_links":{"self":[{"href":"https:\/\/www.messinaoggi.it\/website\/wp-json\/wp\/v2\/posts\/170333"}],"collection":[{"href":"https:\/\/www.messinaoggi.it\/website\/wp-json\/wp\/v2\/posts"}],"about":[{"href":"https:\/\/www.messinaoggi.it\/website\/wp-json\/wp\/v2\/types\/post"}],"author":[{"embeddable":true,"href":"https:\/\/www.messinaoggi.it\/website\/wp-json\/wp\/v2\/users\/18"}],"replies":[{"embeddable":true,"href":"https:\/\/www.messinaoggi.it\/website\/wp-json\/wp\/v2\/comments?post=170333"}],"version-history":[{"count":0,"href":"https:\/\/www.messinaoggi.it\/website\/wp-json\/wp\/v2\/posts\/170333\/revisions"}],"wp:featuredmedia":[{"embeddable":true,"href":"https:\/\/www.messinaoggi.it\/website\/wp-json\/wp\/v2\/media\/170334"}],"wp:attachment":[{"href":"https:\/\/www.messinaoggi.it\/website\/wp-json\/wp\/v2\/media?parent=170333"}],"wp:term":[{"taxonomy":"category","embeddable":true,"href":"https:\/\/www.messinaoggi.it\/website\/wp-json\/wp\/v2\/categories?post=170333"},{"taxonomy":"post_tag","embeddable":true,"href":"https:\/\/www.messinaoggi.it\/website\/wp-json\/wp\/v2\/tags?post=170333"}],"curies":[{"name":"wp","href":"https:\/\/api.w.org\/{rel}","templated":true}]}}