{"id":170331,"date":"2023-09-25T19:08:01","date_gmt":"2023-09-25T17:08:01","guid":{"rendered":"https:\/\/www.messinaoggi.it\/website\/2023\/09\/25\/governo-meloni-litalia-ci-ha-scelto-e-non-la-tradiremo\/"},"modified":"2023-09-25T19:08:01","modified_gmt":"2023-09-25T17:08:01","slug":"governo-meloni-litalia-ci-ha-scelto-e-non-la-tradiremo","status":"publish","type":"post","link":"https:\/\/www.messinaoggi.it\/website\/2023\/09\/25\/governo-meloni-litalia-ci-ha-scelto-e-non-la-tradiremo\/","title":{"rendered":"Governo, Meloni \u201cL\u2019Italia ci ha scelto e non la tradiremo\u201d"},"content":{"rendered":"<div>ROMA (ITALPRESS) &#8211; &#8220;Il 25 settembre di un anno fa dagli italiani arrivava una indicazione chiara: un governo di centrodestra a guida Fratelli d&#8217;Italia. Abbiamo dato il massimo per raggiungere la vittoria, consapevoli che quella non sarebbe stata un punto d&#8217;arrivo ma un punto di partenza. A distanza di un anno non mi sento di fare ancora bilanci, quello spetta ai cittadini. Ma una cosa la posso dire: avevo promesso di consegnare un&#8217;Italia migliore di come l&#8217;avevo ricevuta e posso affermare che oggi la nostra Nazione \u00e8 pi\u00f9 credibile, stabile e ascoltata&#8221;. Cos\u00ec su Facebook il premier Giorgia Meloni.<br \/>&#8220;Sono soddisfatta dei risultati raggiunti, a partire dai dati economici che ci consegnano il record del numero degli occupati e quello dei contratti stabili. Penso anche a tutte le risorse che abbiamo concentrato per aiutare famiglie e imprese e ai provvedimenti che abbiamo attivato in materia di sicurezza e legalit\u00e0. L&#8217;Italia cresce pi\u00f9 della media europea e di questo ne vado fiera&#8221;, aggiunge.<br \/>&#8220;Il 2024 sar\u00e0 un anno molto importante, l&#8217;anno delle grandi riforme di cui questa Nazione ha bisogno: la riforma fiscale in primis, ma anche l&#8217;avvio della riforma costituzionale e quella sulla giustizia. E poi, la grande riforma del merito, in particolare nella scuola. Di fronte a noi abbiamo un grande lavoro da fare ma questo \u00e8 ci\u00f2 che faremo nel rispetto degli impegni presi con gli italiani. L&#8217;Italia ha scelto noi e noi non la tradiremo&#8221;, conclude il presidente del Consiglio.<div id=\"div-gpt-ad-Messinaoggi.it-DSK-300x250-corpoart\" style=\"text-align:center;margin:0 auto;\"><\/div><\/p>\n<p>&#8211; Foto: Agenzia Fotogramma &#8211;<div id=\"videoincontent\" style=\"clear:both\";><\/div><\/p>\n<p>(ITALPRESS).<\/p><\/div>\n","protected":false},"excerpt":{"rendered":"<p>ROMA (ITALPRESS) &#8211; &#8220;Il 25 settembre di un anno fa dagli italiani arrivava una indicazione chiara: un governo di centrodestra a guida Fratelli d&#8217;Italia. Abbiamo dato il massimo per raggiungere la vittoria, consapevoli che quella non sarebbe stata un punto d&#8217;arrivo ma un punto di partenza. A distanza di un anno non mi sento di [&hellip;]<\/p>\n","protected":false},"author":18,"featured_media":170332,"comment_status":"closed","ping_status":"closed","sticky":false,"template":"","format":"standard","meta":{"ub_ctt_via":"","_mi_skip_tracking":false},"categories":[446],"tags":[783],"featured_image_src":"https:\/\/www.messinaoggi.it\/website\/wp-content\/uploads\/2023\/09\/20230925_1644.jpg","author_info":{"display_name":"Admin","author_link":"https:\/\/www.messinaoggi.it\/website\/author\/admin\/"},"digistream_id":0,"digistream":false,"_links":{"self":[{"href":"https:\/\/www.messinaoggi.it\/website\/wp-json\/wp\/v2\/posts\/170331"}],"collection":[{"href":"https:\/\/www.messinaoggi.it\/website\/wp-json\/wp\/v2\/posts"}],"about":[{"href":"https:\/\/www.messinaoggi.it\/website\/wp-json\/wp\/v2\/types\/post"}],"author":[{"embeddable":true,"href":"https:\/\/www.messinaoggi.it\/website\/wp-json\/wp\/v2\/users\/18"}],"replies":[{"embeddable":true,"href":"https:\/\/www.messinaoggi.it\/website\/wp-json\/wp\/v2\/comments?post=170331"}],"version-history":[{"count":0,"href":"https:\/\/www.messinaoggi.it\/website\/wp-json\/wp\/v2\/posts\/170331\/revisions"}],"wp:featuredmedia":[{"embeddable":true,"href":"https:\/\/www.messinaoggi.it\/website\/wp-json\/wp\/v2\/media\/170332"}],"wp:attachment":[{"href":"https:\/\/www.messinaoggi.it\/website\/wp-json\/wp\/v2\/media?parent=170331"}],"wp:term":[{"taxonomy":"category","embeddable":true,"href":"https:\/\/www.messinaoggi.it\/website\/wp-json\/wp\/v2\/categories?post=170331"},{"taxonomy":"post_tag","embeddable":true,"href":"https:\/\/www.messinaoggi.it\/website\/wp-json\/wp\/v2\/tags?post=170331"}],"curies":[{"name":"wp","href":"https:\/\/api.w.org\/{rel}","templated":true}]}}