{"id":170303,"date":"2023-09-25T14:44:14","date_gmt":"2023-09-25T12:44:14","guid":{"rendered":"http:\/\/www.messinaoggi.it\/website\/?p=170303"},"modified":"2023-09-25T14:44:16","modified_gmt":"2023-09-25T12:44:16","slug":"operaio-morto-infilzato-uil-serve-reato-di-omicidio-sul-lavoro","status":"publish","type":"post","link":"https:\/\/www.messinaoggi.it\/website\/2023\/09\/25\/operaio-morto-infilzato-uil-serve-reato-di-omicidio-sul-lavoro\/","title":{"rendered":"Operaio morto infilzato, Uil: &#8220;Serve reato di omicidio sul lavoro&#8221;"},"content":{"rendered":"\n<p>L&#8217;ennesima morte sul lavoro, che ha coinvolto questa volta Giuseppe Milici, 56enne di Patti rimasto infilzato da un paletto di ferro dopo essere caduto da una scala, ha spinto nuovamente la Uil Messina e la Feneal Uil Tirrenica a riaprire il dibattito sulla necessit\u00e0 di inserire nell&#8217;ordinamento penale il reato di omicidio sul lavoro.<div id=\"div-gpt-ad-Messinaoggi.it-DSK-300x250-corpoart\" style=\"text-align:center;margin:0 auto;\"><\/div><\/p>\n\n\n\n<p>\u201cIl tragico contatore relativo ai morti sul lavoro continua, anche nel nostro territorio, ad aumentare senza sosta. &#8211; hanno dichiarato Ivan Tripodi, segretario generale Uil Messina, e Pasquale De Vardo, segretario generale Feneal Uil Tirrenica &#8211; La strage degli innocenti caduti sul lavoro prosegue drammaticamente. Il povero Milici segue di pochi pochi giorni la morte del lavoratore Tindaro Munaf\u00f2, caduto da un ponteggio.<div id=\"videoincontent\" style=\"clear:both\";><\/div><\/p>\n\n\n\n<p>&#8220;Non ne possiamo pi\u00f9. Diciamo basta e chiediamo azioni di contrasto sulla sicurezza per fermare questa strage infinita. In tal senso, ribadiamo, ancora una volta, la necessit\u00e0 di prevedere il reato di omicidio sul lavoro. Si tratta di una misura necessaria ed indispensabile poich\u00e9 \u00e8 inammissibile andare a lavorare per guadagnare un modestissimo salario e non farvi pi\u00f9 rientro: si tratta di uno sfregio che dovrebbe portare alla rivolta di tutte le coscienze.<\/p>\n\n\n\n<p>&#8220;In questo senso, esprimiamo profonda solidariet\u00e0 e vicinanza alla famiglia del povero Giuseppe Milici che sta vivendo un enorme dolore\u201d.<\/p>\n","protected":false},"excerpt":{"rendered":"<p>L&#8217;ennesima morte sul lavoro, che ha coinvolto questa volta Giuseppe Milici, 56enne di Patti rimasto infilzato da un paletto di ferro dopo essere caduto da una scala, ha spinto nuovamente la Uil Messina e la Feneal Uil Tirrenica a riaprire il dibattito sulla necessit\u00e0 di inserire nell&#8217;ordinamento penale il reato di omicidio sul lavoro. \u201cIl [&hellip;]<\/p>\n","protected":false},"author":8,"featured_media":42463,"comment_status":"open","ping_status":"open","sticky":false,"template":"","format":"standard","meta":{"ub_ctt_via":"","_mi_skip_tracking":false},"categories":[6],"tags":[7669],"featured_image_src":"https:\/\/www.messinaoggi.it\/website\/wp-content\/uploads\/2020\/04\/B0574456-9F9A-462C-9570-D8156D045AEC.jpeg","author_info":{"display_name":"red..me","author_link":"https:\/\/www.messinaoggi.it\/website\/author\/redstage\/"},"digistream_id":0,"digistream":false,"_links":{"self":[{"href":"https:\/\/www.messinaoggi.it\/website\/wp-json\/wp\/v2\/posts\/170303"}],"collection":[{"href":"https:\/\/www.messinaoggi.it\/website\/wp-json\/wp\/v2\/posts"}],"about":[{"href":"https:\/\/www.messinaoggi.it\/website\/wp-json\/wp\/v2\/types\/post"}],"author":[{"embeddable":true,"href":"https:\/\/www.messinaoggi.it\/website\/wp-json\/wp\/v2\/users\/8"}],"replies":[{"embeddable":true,"href":"https:\/\/www.messinaoggi.it\/website\/wp-json\/wp\/v2\/comments?post=170303"}],"version-history":[{"count":1,"href":"https:\/\/www.messinaoggi.it\/website\/wp-json\/wp\/v2\/posts\/170303\/revisions"}],"predecessor-version":[{"id":170304,"href":"https:\/\/www.messinaoggi.it\/website\/wp-json\/wp\/v2\/posts\/170303\/revisions\/170304"}],"wp:featuredmedia":[{"embeddable":true,"href":"https:\/\/www.messinaoggi.it\/website\/wp-json\/wp\/v2\/media\/42463"}],"wp:attachment":[{"href":"https:\/\/www.messinaoggi.it\/website\/wp-json\/wp\/v2\/media?parent=170303"}],"wp:term":[{"taxonomy":"category","embeddable":true,"href":"https:\/\/www.messinaoggi.it\/website\/wp-json\/wp\/v2\/categories?post=170303"},{"taxonomy":"post_tag","embeddable":true,"href":"https:\/\/www.messinaoggi.it\/website\/wp-json\/wp\/v2\/tags?post=170303"}],"curies":[{"name":"wp","href":"https:\/\/api.w.org\/{rel}","templated":true}]}}