{"id":170274,"date":"2023-09-25T08:50:31","date_gmt":"2023-09-25T06:50:31","guid":{"rendered":"http:\/\/www.messinaoggi.it\/website\/?p=170274"},"modified":"2023-09-25T08:50:33","modified_gmt":"2023-09-25T06:50:33","slug":"germana-bene-proposta-salvini-tetto-biglietti-aerei","status":"publish","type":"post","link":"https:\/\/www.messinaoggi.it\/website\/2023\/09\/25\/germana-bene-proposta-salvini-tetto-biglietti-aerei\/","title":{"rendered":"German\u00e0: &#8220;Bene proposta Salvini tetto biglietti aerei&#8221;"},"content":{"rendered":"\n<p>\u201cSiamo soddisfatti per le notizie che arrivano oggi da Barcellona, dove il ministro dei Trasporti, Matteo Salvini, intervenendo al Consiglio informale dei ministri Ue, insiste su un tetto massimo al prezzo dei biglietti. Tema caro alla Sicilia e alle isole. \u00c8 la prima volta, con Matteo Salvini al Mit, che sentiamo parlare concretamente di queste tematiche in Europa. Avanti cos\u00ec per tutelare il diritto alla mobilit\u00e0 di milioni di cittadini\u201d.Cos\u00ec in una nota il senatore siciliano Nino German\u00e0, segretario in commissione Lavori Pubblici e vicepresidente del gruppo Lega a Palazzo Madama.<div id=\"div-gpt-ad-Messinaoggi.it-DSK-300x250-corpoart\" style=\"text-align:center;margin:0 auto;\"><\/div><\/p>\n<div id=\"videoincontent\" style=\"clear:both\";><\/div>","protected":false},"excerpt":{"rendered":"<p>\u201cSiamo soddisfatti per le notizie che arrivano oggi da Barcellona, dove il ministro dei Trasporti, Matteo Salvini, intervenendo al Consiglio informale dei ministri Ue, insiste su un tetto massimo al prezzo dei biglietti. Tema caro alla Sicilia e alle isole. \u00c8 la prima volta, con Matteo Salvini al Mit, che sentiamo parlare concretamente di queste [&hellip;]<\/p>\n","protected":false},"author":2,"featured_media":156665,"comment_status":"open","ping_status":"open","sticky":false,"template":"","format":"standard","meta":{"ub_ctt_via":"","_mi_skip_tracking":false},"categories":[6],"tags":[6000,1035,1082,8749],"featured_image_src":"https:\/\/www.messinaoggi.it\/website\/wp-content\/uploads\/2023\/05\/unnamed-1-2.jpg","author_info":{"display_name":"Redazione","author_link":"https:\/\/www.messinaoggi.it\/website\/author\/redazione\/"},"digistream_id":0,"digistream":false,"_links":{"self":[{"href":"https:\/\/www.messinaoggi.it\/website\/wp-json\/wp\/v2\/posts\/170274"}],"collection":[{"href":"https:\/\/www.messinaoggi.it\/website\/wp-json\/wp\/v2\/posts"}],"about":[{"href":"https:\/\/www.messinaoggi.it\/website\/wp-json\/wp\/v2\/types\/post"}],"author":[{"embeddable":true,"href":"https:\/\/www.messinaoggi.it\/website\/wp-json\/wp\/v2\/users\/2"}],"replies":[{"embeddable":true,"href":"https:\/\/www.messinaoggi.it\/website\/wp-json\/wp\/v2\/comments?post=170274"}],"version-history":[{"count":1,"href":"https:\/\/www.messinaoggi.it\/website\/wp-json\/wp\/v2\/posts\/170274\/revisions"}],"predecessor-version":[{"id":170275,"href":"https:\/\/www.messinaoggi.it\/website\/wp-json\/wp\/v2\/posts\/170274\/revisions\/170275"}],"wp:featuredmedia":[{"embeddable":true,"href":"https:\/\/www.messinaoggi.it\/website\/wp-json\/wp\/v2\/media\/156665"}],"wp:attachment":[{"href":"https:\/\/www.messinaoggi.it\/website\/wp-json\/wp\/v2\/media?parent=170274"}],"wp:term":[{"taxonomy":"category","embeddable":true,"href":"https:\/\/www.messinaoggi.it\/website\/wp-json\/wp\/v2\/categories?post=170274"},{"taxonomy":"post_tag","embeddable":true,"href":"https:\/\/www.messinaoggi.it\/website\/wp-json\/wp\/v2\/tags?post=170274"}],"curies":[{"name":"wp","href":"https:\/\/api.w.org\/{rel}","templated":true}]}}